{"id":7527,"date":"2016-10-14T21:25:09","date_gmt":"2016-10-14T20:25:09","guid":{"rendered":"http:\/\/www.moyenagepassion.com\/?p=7527"},"modified":"2020-10-04T19:56:01","modified_gmt":"2020-10-04T18:56:01","slug":"agenda-sorties-medievales-une-fin-de-semaine-pour-celebrer-les-troubadours-a-perpignan-la-catalane","status":"publish","type":"post","link":"https:\/\/www.moyenagepassion.com\/index.php\/2016\/10\/14\/agenda-sorties-medievales-une-fin-de-semaine-pour-celebrer-les-troubadours-a-perpignan-la-catalane\/","title":{"rendered":"Agenda: une fin de semaine pour c\u00e9l\u00e9brer le moyen-\u00e2ge \u00e0 Perpignan la Catalane"},"content":{"rendered":"<div id=\"moyen-280138631\" class=\"moyen-before-content moyen-entity-placement\"><script async src=\"\/\/pagead2.googlesyndication.com\/pagead\/js\/adsbygoogle.js?client=ca-pub-3035390706780632\" crossorigin=\"anonymous\"><\/script><ins class=\"adsbygoogle\" style=\"display:block;\" data-ad-client=\"ca-pub-3035390706780632\" \ndata-ad-slot=\"\" \ndata-ad-format=\"auto\"><\/ins>\n<script> \n(adsbygoogle = window.adsbygoogle || []).push({}); \n<\/script>\n<\/div><p><strong><img decoding=\"async\" class=\"alignleft wp-image-7540\" src=\"https:\/\/www.moyenagepassion.com\/wp-content\/uploads\/2016\/10\/perpignan_catalane_histoire_medievale_ville_heraldique_moyen-age_fetes_historiques-300x296.jpg\" alt=\"perpignan_catalane_histoire_medievale_ville_heraldique_moyen-age_fetes_historiques\" width=\"194\" height=\"191\" srcset=\"https:\/\/www.moyenagepassion.com\/wp-content\/uploads\/2016\/10\/perpignan_catalane_histoire_medievale_ville_heraldique_moyen-age_fetes_historiques-300x296.jpg 300w, https:\/\/www.moyenagepassion.com\/wp-content\/uploads\/2016\/10\/perpignan_catalane_histoire_medievale_ville_heraldique_moyen-age_fetes_historiques.jpg 566w\" sizes=\"(max-width: 194px) 100vw, 194px\" \/>Sujet<\/strong> : f\u00eates historiques, festival moyen-\u00e2ge, troubadours, compagnies m\u00e9di\u00e9vales.<br \/>\n<strong>Ev\u00e9nement<\/strong> :\u00a0Les Trobades m\u00e9di\u00e9vales de Perpignan 2016<br \/>\n<strong>Lieu<\/strong> : Perpignan (Pyr\u00e9n\u00e9es-Orientales, Occitanie)<br \/>\n<strong>Date<\/strong> : les\u00a015\u00a0et 16\u00a0octobre 2016<\/p>\n<p>Bonjour \u00e0 tous,<\/p>\n<p style=\"text-align: justify;\"><a href=\"https:\/\/www.moyenagepassion.com\/wp-content\/uploads\/2016\/10\/festival_fete_medievale_perpignan_trobades_2016_sortie_moyen-age_week_end.jpg\"><img decoding=\"async\" class=\"alignright wp-image-7529\" src=\"https:\/\/www.moyenagepassion.com\/wp-content\/uploads\/2016\/10\/festival_fete_medievale_perpignan_trobades_2016_sortie_moyen-age_week_end.jpg\" alt=\"festival_fete_medievale_perpignan_trobades_2016_sortie_moyen-age_week_end\" width=\"132\" height=\"265\" srcset=\"https:\/\/www.moyenagepassion.com\/wp-content\/uploads\/2016\/10\/festival_fete_medievale_perpignan_trobades_2016_sortie_moyen-age_week_end.jpg 400w, https:\/\/www.moyenagepassion.com\/wp-content\/uploads\/2016\/10\/festival_fete_medievale_perpignan_trobades_2016_sortie_moyen-age_week_end-149x300.jpg 149w\" sizes=\"(max-width: 132px) 100vw, 132px\" \/><\/a><img decoding=\"async\" class=\"alignleft size-full wp-image-36\" src=\"https:\/\/www.moyenagepassion.com\/wp-content\/uploads\/2015\/12\/C_lettrine_moyen_age_passion.jpg\" alt=\"C_lettrine_moyen_age_passion\" width=\"84\" height=\"103\" \/>ette fin de semaine, sur l&rsquo;agenda des \u00e9v\u00e9nements c\u00e9l\u00e9brant le monde m\u00e9di\u00e9val, c&rsquo;est vers le sud de la France que nous vous invitons \u00e0 diriger vos chausses si vous ne vous y trouvez pas d\u00e9j\u00e0, pour une grande f\u00eate de deux jours en bord de mer, dans la cit\u00e9 de\u00a0Perpignan la Catalane.<\/p>\n<p style=\"text-align: justify;\">L&rsquo;\u00e9v\u00e9nement, organis\u00e9 \u00e0 la fois par la ville et par l&rsquo;office du tourisme, est de taille puisque pendant ces deux journ\u00e9es de samedi et dimanche ce sont plus de deux cent cinquante figurants et acteurs et pr\u00e8s de vingt compagnies m\u00e9di\u00e9vales qui investiront le centre historique de la cit\u00e9 catalane, pour la faire revenir pour vous au moyen-\u00e2ge central des XIIIe et XIVe si\u00e8cles.<a href=\"https:\/\/www.moyenagepassion.com\/wp-content\/uploads\/2016\/10\/perpignan_la_catalane_troubades_medievales_2016_festival_fetes_historiques.jpg\"><img decoding=\"async\" class=\"alignright size-full wp-image-7575\" src=\"https:\/\/www.moyenagepassion.com\/wp-content\/uploads\/2016\/10\/perpignan_la_catalane_troubades_medievales_2016_festival_fetes_historiques.jpg\" alt=\"perpignan_la_catalane_troubades_medievales_2016_festival_fetes_historiques\" width=\"900\" height=\"400\" srcset=\"https:\/\/www.moyenagepassion.com\/wp-content\/uploads\/2016\/10\/perpignan_la_catalane_troubades_medievales_2016_festival_fetes_historiques.jpg 900w, https:\/\/www.moyenagepassion.com\/wp-content\/uploads\/2016\/10\/perpignan_la_catalane_troubades_medievales_2016_festival_fetes_historiques-300x133.jpg 300w\" sizes=\"(max-width: 900px) 100vw, 900px\" \/><\/a><\/p>\n<h2 style=\"text-align: justify;\">Le programme d\u00e9taill\u00e9<br \/>\ndes trobades de Perpignan 2016<\/h2>\n<p style=\"text-align: justify;\">E<a href=\"https:\/\/www.moyenagepassion.com\/wp-content\/uploads\/2016\/10\/perpignan_la_catalane_troubades_medievales_2016_festival_fetes_ripailles_historiques.jpg\"><img decoding=\"async\" class=\"alignright wp-image-7588\" src=\"https:\/\/www.moyenagepassion.com\/wp-content\/uploads\/2016\/10\/perpignan_la_catalane_troubades_medievales_2016_festival_fetes_ripailles_historiques-219x300.jpg\" alt=\"perpignan_la_catalane_troubades_medievales_2016_festival_fetes_ripailles_historiques\" width=\"162\" height=\"221\" srcset=\"https:\/\/www.moyenagepassion.com\/wp-content\/uploads\/2016\/10\/perpignan_la_catalane_troubades_medievales_2016_festival_fetes_ripailles_historiques-219x300.jpg 219w, https:\/\/www.moyenagepassion.com\/wp-content\/uploads\/2016\/10\/perpignan_la_catalane_troubades_medievales_2016_festival_fetes_ripailles_historiques.jpg 402w\" sizes=\"(max-width: 162px) 100vw, 162px\" \/><\/a>ntre jeux m\u00e9di\u00e9vaux, d\u00e9fil\u00e9s et parades, animations, concerts de musique, troubadours et jongleurs, de la farce l\u00e9g\u00e8re aux\u00a0reconstitutions historiques les plus s\u00e9rieuses, le programme de ces Trobades 2016, s&rsquo;annonce fort charg\u00e9 et ne vous laissera que l&#8217;embarras du choix. Au titre des spectacles de rue, il y aura m\u00eame une troupe humoristique qui vous fera voyager dans la m\u00e9decine des temps anciens et encore une <a href=\"https:\/\/www.moyenagepassion.com\/index.php\/2016\/02\/25\/tous-a-la-taverne-avec-la-poesie-medievale-goliardique-et-carmina-burana\/\" target=\"_blank\" rel=\"noopener noreferrer\">bande de joyeux goliards<\/a> pour vous entra\u00eener dans leurs fac\u00e9ties musicales et farcesques.<\/p>\n<p style=\"text-align: justify;\"><a href=\"https:\/\/www.moyenagepassion.com\/wp-content\/uploads\/2016\/10\/perpignan_la_catalane_troubades_medievales_2016_festival_fetes_historiques_chevalier.jpg\"><img decoding=\"async\" class=\"alignleft wp-image-7577\" src=\"https:\/\/www.moyenagepassion.com\/wp-content\/uploads\/2016\/10\/perpignan_la_catalane_troubades_medievales_2016_festival_fetes_historiques_chevalier.jpg\" alt=\"perpignan_la_catalane_troubades_medievales_2016_festival_fetes_historiques_chevalier\" width=\"251\" height=\"196\" srcset=\"https:\/\/www.moyenagepassion.com\/wp-content\/uploads\/2016\/10\/perpignan_la_catalane_troubades_medievales_2016_festival_fetes_historiques_chevalier.jpg 400w, https:\/\/www.moyenagepassion.com\/wp-content\/uploads\/2016\/10\/perpignan_la_catalane_troubades_medievales_2016_festival_fetes_historiques_chevalier-300x235.jpg 300w\" sizes=\"(max-width: 251px) 100vw, 251px\" \/><\/a>Les chevaux seront aussi de la f\u00eate et une belle place leur a \u00e9t\u00e9 m\u00e9nag\u00e9e puisque trois compagnies diff\u00e9rentes les repr\u00e9senteront, entre camp \u00e9questre, num\u00e9ros de dressage en costumes d&rsquo;\u00e9poque, mais encore \u00a0joutes et voltiges.\u00a0En plus de toutes ces animations historiques et festives, vous pourrez, bien s\u00fbr, compter sur des campements ou ateliers th\u00e9matiques \u00e0 la red\u00e9couverte\u00a0des m\u00e9tiers du moyen-\u00e2ge mais\u00a0encore \u00a0&#8211; que les amateurs de ripailles se rassurent &#8211; sur un march\u00e9 m\u00e9di\u00e9val et \u00ab\u00a0gourmand\u00a0\u00bb! Ajoutons enfin que la f\u00eate se veut r\u00e9solument familiale et que les enfants n&rsquo;ont pas \u00e9t\u00e9 oubli\u00e9s puisque de nombreuses animations leur seront \u00e9galement destin\u00e9es.<\/p>\n<p style=\"text-align: justify;\"><a href=\"https:\/\/www.moyenagepassion.com\/wp-content\/uploads\/2016\/10\/perpignan_la_catalane_troubades_medievales_2016_festival_fetes_moyen-age.jpg\"><img decoding=\"async\" class=\"aligncenter wp-image-31795 size-full\" src=\"https:\/\/www.moyenagepassion.com\/wp-content\/uploads\/2016\/10\/perpignan_la_catalane_troubades_medievales_2016_festival_fetes_moyen-age-s.jpg\" alt=\"\" width=\"650\" height=\"608\" srcset=\"https:\/\/www.moyenagepassion.com\/wp-content\/uploads\/2016\/10\/perpignan_la_catalane_troubades_medievales_2016_festival_fetes_moyen-age-s.jpg 650w, https:\/\/www.moyenagepassion.com\/wp-content\/uploads\/2016\/10\/perpignan_la_catalane_troubades_medievales_2016_festival_fetes_moyen-age-s-300x281.jpg 300w\" sizes=\"(max-width: 650px) 100vw, 650px\" \/><\/a><\/p>\n<p style=\"text-align: justify;\"><a href=\"http:\/\/www.destinationsuddefrance.com\/content\/download\/103314\/6148888\/version\/1\/file\/Les+trobades+m%C3%A9di%C3%A9vales+2016.pdf\" target=\"_blank\" rel=\"noopener noreferrer\">T\u00e9l\u00e9chargez le programme complet des Trobades 2016 ici<\/a><\/p>\n<h2 style=\"text-align: left;\">La riche histoire m\u00e9di\u00e9vale<br \/>\nde Perpigny\u00e0,\u00a0la catalane<\/h2>\n<p style=\"text-align: justify;\">L&rsquo;histoire du site de Perpignan et de ses environs ne commence pas tout \u00e0 fait au moyen-\u00e2ge. Au VIIe si\u00e8cle avant notre \u00e8re, on trouve, en effet, des traces attest\u00e9es d&rsquo;occupation des lieux par les Sordes, une tribu d&rsquo;origine ib\u00e9rique, qui y tenaient leur capitale: une cit\u00e9 du nom de Ruscino, qui donnera plus tard son nom \u00e0 la province du Roussillon. Autour du premier si\u00e8cle et apr\u00e8s la colonisation romaine, les Sordes finiront par dispara\u00eetre et les romains s&rsquo;installeront sur ce site, situ\u00e9 \u00e0 quelques kilom\u00e8tres de l&rsquo;actuel cit\u00e9 de Perpignan. Ils y \u00e9tabliront un Forum et feront m\u00eame de Ruscino une v\u00e9ritable cit\u00e9 romaine mais l&rsquo;abandonneront pourtant, un peu plus tard dans le temps, pour des raisons que les historiens n&rsquo;ont pas r\u00e9ussi \u00e0 percer \u00e0 ce jour (l&rsquo;hypoth\u00e8se d&rsquo;un s\u00e9isme a \u00e9t\u00e9 soulev\u00e9e sans \u00eatre, pour l&rsquo;instant, <a href=\"https:\/\/www.moyenagepassion.com\/wp-content\/uploads\/2016\/10\/perpignan_la_catalane_histoire_medievale_catalogne_tour_castell_roussilo.jpg\"><img decoding=\"async\" class=\"alignright wp-image-7585 size-medium\" src=\"https:\/\/www.moyenagepassion.com\/wp-content\/uploads\/2016\/10\/perpignan_la_catalane_histoire_medievale_catalogne_tour_castell_roussilo-149x300.jpg\" alt=\"perpignan_la_catalane_histoire_medievale_catalogne_tour_castell_roussilo\" width=\"149\" height=\"300\" srcset=\"https:\/\/www.moyenagepassion.com\/wp-content\/uploads\/2016\/10\/perpignan_la_catalane_histoire_medievale_catalogne_tour_castell_roussilo-149x300.jpg 149w, https:\/\/www.moyenagepassion.com\/wp-content\/uploads\/2016\/10\/perpignan_la_catalane_histoire_medievale_catalogne_tour_castell_roussilo.jpg 397w\" sizes=\"(max-width: 149px) 100vw, 149px\" \/><\/a>av\u00e9r\u00e9e). Vraisemblablement, ils iront s&rsquo;installer \u00a0un peu plus loin pour y fonder la ville de Perpignan. De son c\u00f4t\u00e9, la ville de Ruscillo restera occup\u00e9e durant le haut moyen-\u00e2ge mais son histoire est mal connue, m\u00eame si des d\u00e9couvertes r\u00e9centes montrent qu&rsquo;elle a pu jouer un r\u00f4le important, au VIIe si\u00e8cle, dans la conqu\u00eate de Narbonne par les Arabes. Quoiqu&rsquo;il en soit, elle dispara\u00eetra, semble-t&rsquo;il, de mani\u00e8re d\u00e9finitive \u00e0 la p\u00e9riode carolingienne et\u00a0la seule certitude que l&rsquo;on est que le\u00a0site de la ville actuelle de Perpignan est sans relation avec celui dont\u00a0les Sordes avait fait, \u00e0 quelques kilom\u00e8tres de l\u00e0 leur capitale. Concernant la cit\u00e9 catalane, il faudra attendre le Xe si\u00e8cle pour en trouver les premi\u00e8res mentions. <span style=\"color: #999999;\">(ci- dessus la tour de Ch\u00e2teau Roussillon, construite au XIIIe, XIVe si\u00e8cles, sur le site de l&rsquo;ancienne Ruscino ).<\/span><\/p>\n<h2 style=\"text-align: justify;\">Perpignan en Roussillon-Emp\u00faries<\/h2>\n<p style=\"text-align: justify;\">L&rsquo;histoire m\u00e9di\u00e9vale de Perpignan est assez mouvement\u00e9e. La cit\u00e9 changera, en effet, plusieurs fois de main, de province et m\u00eame de nation, du moyen-\u00e2ge central, jusqu&rsquo;au XVIIe si\u00e8cle. D\u00e8s son entr\u00e9e dans l&rsquo;histoire du Xe si\u00e8cle, en 927 pr\u00e9cis\u00e9ment, elle sera sous l&rsquo;\u00e9gide\u00a0 des comtes de\u00a0\u00a0Roussillon-Empuries.<\/p>\n<p style=\"text-align: justify;\">Unifi\u00e9s\u00a0au IXe si\u00e8cle par le comte catalan Sunyer II, fondateur de la maison d&rsquo;Emp\u00faries (Ampurias), les deux comt\u00e9s d&rsquo;Emp\u00faries et de Roussillon \u00e9taient alors sous la m\u00eame main et Perpignan la catalane en \u00e9tait devenue la capitale. A la fin du Xe si\u00e8cle, en 991, et quelques trois g\u00e9n\u00e9rations plus tard, \u00e0 la mort de Gausfred 1er, les comt\u00e9s se retrouveront divis\u00e9s entre deux de ses h\u00e9ritiers: Hug et Guislabert qui deviendront respectivement les comtes Hug 1er d&rsquo;Empuries et Guislabert 1er de Roussillon. Par un jeu complexe d&rsquo;alliances, d&rsquo;obligations et d&rsquo;h\u00e9ritage, un status quo sera toutefois maintenu <img decoding=\"async\" class=\"alignright wp-image-7584\" src=\"https:\/\/www.moyenagepassion.com\/wp-content\/uploads\/2016\/10\/perpignan_la_catalane_histoire_medievale_catalogne_blason_conte_empurias.jpg\" alt=\"perpignan_la_catalane_histoire_medievale_catalogne_blason_conte_empurias\" width=\"215\" height=\"268\" \/>entre les deux provinces pendant encore longtemps et la s\u00e9paration ne semblera m\u00eame pas effective jusque dans le courant du XIe si\u00e8cle. Les alliances r\u00e9sisteront m\u00eame \u00e0 de s\u00e9rieux conflits qui \u00e9clateront entre les deux maisons, jusqu&rsquo;\u00e0 ce dans le courant du XIIe si\u00e8cle le comte de Barcelone devenant lui-m\u00eame de plus en plus puissant s&rsquo;en m\u00eale. En commen\u00e7ant \u00e0 faire pression sur le comte d&rsquo;Emp\u00faries, il modifia, en effet, le jeu des forces pour que ce dernier se s\u00e9pare de mani\u00e8re plus tranch\u00e9e de ses alliances d&rsquo;avec le comt\u00e9 de Roussillon. Bien que le Roussillon s&rsquo;en trouva quitte de c\u00e9der certaines de ses terres et ch\u00e2teaux, la s\u00e9paration ne fut pour autant pas consomm\u00e9e et malgr\u00e9 un fort d\u00e9s\u00e9quilibre entre les deux comt\u00e9s n\u00e9 de ces jeux de pouvoirs, les relations loyales complexes qui s&rsquo;\u00e9taient \u00e9t\u00e9 \u00e9tablies de longue date entre les deux provinces perdur\u00e8rent longtemps et m\u00eame apr\u00e8s que le Roussillon et Perpignan aient chang\u00e9 de mains pour passer dans celles d&rsquo;Aragon*.<\/p>\n<h2>D&rsquo;Aragon \u00e0 Majorque<\/h2>\n<figure id=\"attachment_7582\" aria-describedby=\"caption-attachment-7582\" style=\"width: 992px\" class=\"wp-caption aligncenter\"><a href=\"https:\/\/www.moyenagepassion.com\/wp-content\/uploads\/2016\/10\/perpignan_la_catalane_histoire_medievale_catalogne_palais_roi_de_majorque.jpg\"><img decoding=\"async\" class=\"size-full wp-image-7582\" src=\"https:\/\/www.moyenagepassion.com\/wp-content\/uploads\/2016\/10\/perpignan_la_catalane_histoire_medievale_catalogne_palais_roi_de_majorque.jpg\" alt=\"Le palais des rois de Majorque construit \u00e0 Perpignan par Jaume 1, ou Jacques 1er le conqu\u00e9rant\" width=\"992\" height=\"424\" srcset=\"https:\/\/www.moyenagepassion.com\/wp-content\/uploads\/2016\/10\/perpignan_la_catalane_histoire_medievale_catalogne_palais_roi_de_majorque.jpg 992w, https:\/\/www.moyenagepassion.com\/wp-content\/uploads\/2016\/10\/perpignan_la_catalane_histoire_medievale_catalogne_palais_roi_de_majorque-300x128.jpg 300w\" sizes=\"(max-width: 992px) 100vw, 992px\" \/><\/a><figcaption id=\"caption-attachment-7582\" class=\"wp-caption-text\">Le palais des rois de Majorque construit \u00e0 Perpignan par Jaume 1, ou Jacques 1er le conqu\u00e9rant<\/figcaption><\/figure>\n<p style=\"text-align: justify;\">En 1172, le comt\u00e9 de Roussillon et la ville de Perpignan seront finalement l\u00e9gu\u00e9s par Girard II de Roussillon \u00e0 la couronne d&rsquo;Aragon, en la personne d&rsquo;Alphone II d&rsquo;Aragon. Pierre II le catholique, le fils de ce dernier cr\u00e9\u00e9ra vingt ans plus tard dans la cit\u00e9, un consulat, accordant \u00e0 la ville et ses habitants des privil\u00e8ges et droits en mati\u00e8re politique, juridique et civile ce qui marque bien l&rsquo;importance que la ville avait alors d\u00e9j\u00e0 prise. Il faudra pourtant attendre le fils de Pierre II: Jacques 1er d&rsquo;Aragon, nomm\u00e9 en catalan Jaume el Conqueridor<i>\u00a0<\/i>pour que le cours du destin de Perpignan soit chang\u00e9 \u00e0 jamais.<\/p>\n<p style=\"text-align: justify;\">Sous le r\u00e8gne de ce roi chevalier conqu\u00e9rant, la ville conna\u00eetra, en effet, sa p\u00e9riode la plus florissante et, pour le dire autrement, un v\u00e9ritable \u00e2ge d&rsquo;or. Il en fera la capitale du royaume de Majorque, y fera construire un palais des rois et, de 1276 \u00e0 1344, Perpignan conna\u00eetra un essor \u00e9conomique et commercial sans pr\u00e9c\u00e9dent: cuir, draperie, orf\u00e8vrerie, artisanat de luxe, elle sera devenue alors le centre d&rsquo;un royaume nouveau fond\u00e9 de toutes pi\u00e8ces par ce personnage historique flamboyant dont il faut dire un mot ici.<\/p>\n<h2>Jacques 1er ou Jaume le conqu\u00e9rant<\/h2>\n<p style=\"text-align: justify;\">N\u00e9 \u00e0 Montpellier, cet homme est devenu un v\u00e9ritable h\u00e9ros catalan. Fils de Pierre II et de Marie de Montpellier, il se montrera, en effet, durant son long r\u00e8gne, aussi fin politique que bon strat\u00e8ge. Roi d&rsquo;Aragon, comte de Barcelone, D&rsquo;abord contest\u00e9 par les nobles d&rsquo;Aragon, il s&rsquo;imposera bient\u00f4t en faisant d&rsquo;habiles alliances avec la couronne d&rsquo;Espagne et en mettant en place des r\u00e9formes sur ses territoires. Sous la pression des marchands et nobles de Barcelone qui se plaindront alors de nombreux raids de pirates maures dans les eaux c\u00f4ti\u00e8res, tout autant qu&rsquo;anim\u00e9 par l&rsquo;id\u00e9e chr\u00e9tienne de reprendre des territoires historiques des mains des maures, il organisera bient\u00f4t de v\u00e9ritables campagne de <a href=\"https:\/\/www.moyenagepassion.com\/wp-content\/uploads\/2016\/10\/perpignan_la_catalane_histoire_medievale_catalogne_jacques_1er_de_majorque_le_conquerant.jpg\"><img decoding=\"async\" class=\"alignright wp-image-7573\" src=\"https:\/\/www.moyenagepassion.com\/wp-content\/uploads\/2016\/10\/perpignan_la_catalane_histoire_medievale_catalogne_jacques_1er_de_majorque_le_conquerant-461x1024.jpg\" alt=\"perpignan_la_catalane_histoire_medievale_catalogne_jacques_1er_de_majorque_le_conquerant\" width=\"186\" height=\"413\" srcset=\"https:\/\/www.moyenagepassion.com\/wp-content\/uploads\/2016\/10\/perpignan_la_catalane_histoire_medievale_catalogne_jacques_1er_de_majorque_le_conquerant.jpg 461w, https:\/\/www.moyenagepassion.com\/wp-content\/uploads\/2016\/10\/perpignan_la_catalane_histoire_medievale_catalogne_jacques_1er_de_majorque_le_conquerant-135x300.jpg 135w\" sizes=\"(max-width: 186px) 100vw, 186px\" \/><\/a>reconqu\u00eates et conna\u00eetra un succ\u00e8s retentissant dans ses entreprises qui lui vaudront son surnom, autant que son entr\u00e9e dans la post\u00e9rit\u00e9: il reprendra, en effet, des mains des musulmans et avec ses arm\u00e9es les territoires de Majorque (Mallorqua), mais aussi la Ville de Valence et plus au sud celle d&rsquo;Alzira. Il r\u00e9ussira m\u00eame \u00e0 soumettre Minorque (Menorqua).<\/p>\n<p style=\"text-align: justify;\">Au sortir de ses conqu\u00eates il fondera le royaume de Majorque et fera de Perpignan sa\u00a0capitale, faisant entrer cette derni\u00e8re dans la p\u00e9riode la plus faste de son histoire. La liste de titres que Jacques le Conqu\u00e9rant poss\u00e8de alors donne la mesure de son influence et, du m\u00eame coup, du rayonnement et du prestige qu&rsquo;il offrira \u00e0 la cit\u00e9 catalane: souverain de la couronne d&rsquo;Aragon et comte de Ribagorce, \u00a0comte de Barcelone, de G\u00e9rone, de Besal\u00fa\u00a0et de Pallars Juss\u00e0, Roi de Valence, Comte de Gevaudan, Comte d&rsquo;Urgell, Seigneur de Montpellier, et pour finir, comte de Roussillon et roi de Majorque.<\/p>\n<p><a href=\"https:\/\/www.moyenagepassion.com\/wp-content\/uploads\/2016\/10\/perpignan_la_catalane_histoire_medievale_catalogne_le_testament_de_jaume_le_conquerant.jpg\"><img decoding=\"async\" class=\"aligncenter wp-image-31791 size-full\" src=\"https:\/\/www.moyenagepassion.com\/wp-content\/uploads\/2016\/10\/perpignan_la_catalane_histoire_medievale_catalogne_le_testament_de_jaume_le_conquerant-s.jpg\" alt=\"\" width=\"700\" height=\"549\" srcset=\"https:\/\/www.moyenagepassion.com\/wp-content\/uploads\/2016\/10\/perpignan_la_catalane_histoire_medievale_catalogne_le_testament_de_jaume_le_conquerant-s.jpg 700w, https:\/\/www.moyenagepassion.com\/wp-content\/uploads\/2016\/10\/perpignan_la_catalane_histoire_medievale_catalogne_le_testament_de_jaume_le_conquerant-s-300x235.jpg 300w\" sizes=\"(max-width: 700px) 100vw, 700px\" \/><\/a><\/p>\n<p style=\"text-align: justify;\">Au terme d&rsquo;un r\u00e8gne de plus de soixante-ans, \u00a0il laissera derri\u00e8re lui douze h\u00e9ritiers issus de deux mariages diff\u00e9rents. Le royaume de Majorque, la seigneurie de Montpellier, les comt\u00e9s de Cerdagne et celui de Roussillon et avec lui Perpignan, reviendront alors \u00e0 son fils cadet Jacques (Jaume) II de Majorque, ce qui n&rsquo;ira pas sans poser quelques probl\u00e8mes \u00e0 son fils ain\u00e9, Pierre III d&rsquo;Aragon dit Pierre le Grand que l&rsquo;h\u00e9ritage de l&rsquo;aragonais, de Barcelone et de Valence ne semblait pas seul contenter. Huit ans apr\u00e8s la mort de Jaume le conqu\u00e9rant, cette m\u00e9sentente et les tensions entre les deux fr\u00e8res n\u00e9s de cette convoitise, se traduiront par une m\u00e9salliance. Le roi de France Philippe III le Hardi<a class=\"mw-redirect\" title=\"Philippe III de France\" href=\"https:\/\/fr.wikipedia.org\/wiki\/Philippe_III_de_France\">\u00a0<\/a>partant \u00e0 la conqu\u00eate de l&rsquo;Aragonais avec la b\u00e9n\u00e9diction du pape Martin IV qui voulait freiner les ardeurs conqu\u00e9rantes de Pierre III en Sicile,\u00a0le cadet Jacques II, s&rsquo;alliera, en effet, avec le roi de France contre son fr\u00e8re a\u00een\u00e9. Revenant de cette croisade infructueuse contre Pierre III d&rsquo;Aragon, c&rsquo;est d&rsquo;ailleurs dans la ville de Perpignan que le roi de <a href=\"https:\/\/www.moyenagepassion.com\/wp-content\/uploads\/2016\/10\/perpignan_la_catalane_histoire_medievale_catalogne_pierre_IV_aragon.jpg\"><img decoding=\"async\" class=\"alignright wp-image-7574\" src=\"https:\/\/www.moyenagepassion.com\/wp-content\/uploads\/2016\/10\/perpignan_la_catalane_histoire_medievale_catalogne_pierre_IV_aragon.jpg\" alt=\"perpignan_la_catalane_histoire_medievale_catalogne_pierre_IV_aragon\" width=\"170\" height=\"294\" srcset=\"https:\/\/www.moyenagepassion.com\/wp-content\/uploads\/2016\/10\/perpignan_la_catalane_histoire_medievale_catalogne_pierre_IV_aragon.jpg 203w, https:\/\/www.moyenagepassion.com\/wp-content\/uploads\/2016\/10\/perpignan_la_catalane_histoire_medievale_catalogne_pierre_IV_aragon-174x300.jpg 174w\" sizes=\"(max-width: 170px) 100vw, 170px\" \/><\/a>France trouvera la mort en 1285. Mais le conflit laissera longtemps des traces entre les deux branches familiales et pour le dire trivialement, le ver sera dans le fruit.<\/p>\n<p style=\"text-align: justify;\">De fait, deux g\u00e9n\u00e9rations plus tard, en 1344 et durant la guerre de cent ans, le royaume de Majorque p\u00e9riclitera suite \u00e0 une trahison entre les descendants des deux maisons, Pierre IV d&rsquo;Aragon <span style=\"color: #808080;\">(ci-contre)<\/span> et Jacques III de Majorque, autant que par des prises de position par ce dernier \u00ab\u00a0un peu trop anglaises\u00a0\u00bb au go\u00fbt du royaume de France, en la personne de Phillipe VI qui aura son r\u00f4le \u00e0 jouer. Ind\u00e9niablement, sur l&rsquo;\u00e9chiquier, il faudra d\u00e9sormais compter sur la couronne fran\u00e7aise et sur son int\u00e9r\u00eat pour la province qui ne fera que s&rsquo;affirmer avec le temps. Au sortir du conflit, la seigneurie de Montpellier sera rachet\u00e9e par le\u00a0roi de France et le Roussillon tombera aux mains de Pierre IV. Perpignan sera redevenue aragonaise. Elle perdra alors son statut de capitale mais conservera tout de m\u00eame son importance se voyant construire une universit\u00e9 et, quelques trente ans plus tard, un tribunal de la mer. Entre temps, en 1346, la peste noire l&rsquo;aura s\u00e9v\u00e8rement mise \u00e0 l&rsquo;\u00e9preuve.<\/p>\n<h2 style=\"text-align: justify;\">Perpignan et la Catalogne<br \/>\nprises entre deux couronnes<\/h2>\n<figure id=\"attachment_7570\" aria-describedby=\"caption-attachment-7570\" style=\"width: 578px\" class=\"wp-caption alignnone\"><a href=\"https:\/\/www.moyenagepassion.com\/wp-content\/uploads\/2016\/10\/perpignan_la_catalane_histoire_medievale_siege_lous_XI_1463.jpg\"><img decoding=\"async\" class=\"size-full wp-image-7570\" src=\"https:\/\/www.moyenagepassion.com\/wp-content\/uploads\/2016\/10\/perpignan_la_catalane_histoire_medievale_siege_lous_XI_1463.jpg\" alt=\"Au milieu du XVe si\u00e8cle, le si\u00e8ge de Perpignan par les arm\u00e9es de Louis XI\" width=\"578\" height=\"398\" srcset=\"https:\/\/www.moyenagepassion.com\/wp-content\/uploads\/2016\/10\/perpignan_la_catalane_histoire_medievale_siege_lous_XI_1463.jpg 578w, https:\/\/www.moyenagepassion.com\/wp-content\/uploads\/2016\/10\/perpignan_la_catalane_histoire_medievale_siege_lous_XI_1463-300x207.jpg 300w\" sizes=\"(max-width: 578px) 100vw, 578px\" \/><\/a><figcaption id=\"caption-attachment-7570\" class=\"wp-caption-text\">Au milieu du XVe si\u00e8cle, le si\u00e8ge de Perpignan par les arm\u00e9es de Louis XI<\/figcaption><\/figure>\n<p style=\"text-align: justify;\">Au moyen-\u00e2ge finissant et dans le courant du XVe si\u00e8cle, la couronne de France confirmera ses vis\u00e9es expansionnistes en occupant Perpignan dans la ferme intention de la reprendre. Les habitants de l&rsquo;entendront pourtant pas de cette oreille et la cit\u00e9 se soul\u00e8vera quelques dix ans plus tard, en pure perte, lors d&rsquo;un si\u00e8ge cruellement m\u00e9morable de deux ans, de 1473 \u00e0 1475. A l&rsquo;issu du conflit, elle restera fran\u00e7aise mais sa pugnacit\u00e9 sera salu\u00e9e par les rois d&rsquo;Aragon. Le coeur catalan n&rsquo;a jamais eu le go\u00fbt de la soumission. <a href=\"https:\/\/www.moyenagepassion.com\/wp-content\/uploads\/2016\/10\/perpignan_la_catalane_histoire_medievale_traite_pyrenees-726x1024.jpg\"><img decoding=\"async\" class=\"alignright wp-image-31793 size-full\" src=\"https:\/\/www.moyenagepassion.com\/wp-content\/uploads\/2016\/10\/perpignan_la_catalane_histoire_medievale_traite_pyrenees-726x1024-s.jpg\" alt=\"\" width=\"219\" height=\"309\" srcset=\"https:\/\/www.moyenagepassion.com\/wp-content\/uploads\/2016\/10\/perpignan_la_catalane_histoire_medievale_traite_pyrenees-726x1024-s.jpg 219w, https:\/\/www.moyenagepassion.com\/wp-content\/uploads\/2016\/10\/perpignan_la_catalane_histoire_medievale_traite_pyrenees-726x1024-s-213x300.jpg 213w\" sizes=\"(max-width: 219px) 100vw, 219px\" \/><\/a>Vingt ans plus tard, Charles VIII la restituera toutefois avec le Roussillon aux rois catholiques dans une Espagne qui, \u00e0 l&rsquo;image des autres royaumes d&rsquo;Europe, s&rsquo;unifie et entend bien centraliser son pouvoir. A partir de cette p\u00e9riode, la cit\u00e9\u00a0fera les frais des conflits entre les deux grandes puissances et son \u00e9conomie en p\u00e2tira.<\/p>\n<p style=\"text-align: justify;\">Dans le courant du XVIIe, en 1640, durant la guerre des faucheurs et le soul\u00e8vement des catalans contre l&rsquo;occupation de leur territoire par les troupes madril\u00e8nes, Perpignan se r\u00e9voltera aussi contre Madrid et la ville conna\u00eetra, \u00e0 nouveau, un si\u00e8ge. Elle sera alors alli\u00e9e dans ce conflit avec la France. Vingt ans plus tard, le trait\u00e9 des Pyr\u00e9n\u00e9es de 1659 la restituera, cette fois-ci d\u00e9finitivement, avec le Roussillon et la moiti\u00e9 du comt\u00e9 de Cerdagne, \u00e0 la couronne de France, laissant la Catalogne coup\u00e9e en deux par une fronti\u00e8re qui, dans le coeur de nombre de catalans, n&rsquo;a toujours exist\u00e9 que sur le papier. Qu&rsquo;il suffise de lever un peu la t\u00eate en se promenant dans Perpignan en toute saison, pour y voir les <a href=\"https:\/\/www.moyenagepassion.com\/wp-content\/uploads\/2016\/10\/fetes_festival_medievals_trobades_medievales_perpignan_2016.jpg\"><img decoding=\"async\" class=\"alignleft wp-image-7538\" src=\"https:\/\/www.moyenagepassion.com\/wp-content\/uploads\/2016\/10\/fetes_festival_medievals_trobades_medievales_perpignan_2016-212x300.jpg\" alt=\"fetes_festival_medievals_trobades_medievales_perpignan_2016\" width=\"166\" height=\"235\" srcset=\"https:\/\/www.moyenagepassion.com\/wp-content\/uploads\/2016\/10\/fetes_festival_medievals_trobades_medievales_perpignan_2016-212x300.jpg 212w, https:\/\/www.moyenagepassion.com\/wp-content\/uploads\/2016\/10\/fetes_festival_medievals_trobades_medievales_perpignan_2016.jpg 448w\" sizes=\"(max-width: 166px) 100vw, 166px\" \/><\/a>banni\u00e8res dor\u00e9es au quatre griffures rouge sang, pour s&rsquo;en apercevoir\u00a0<span style=\"color: #808080;\">(ci-dessus la premi\u00e8re page du trait\u00e9 des Pyr\u00e9n\u00e9es).<\/span><\/p>\n<p style=\"text-align: justify;\">Quelques si\u00e8cles plus tard et apr\u00e8s bien des p\u00e9rip\u00e9ties, Perpignan la catalane de coeur n&rsquo;a rien oubli\u00e9 de son histoire\u00a0et pour aller la d\u00e9couvrir et s&rsquo;ouvrir \u00e0 ce riche pass\u00e9, il n&rsquo;y a surement pas de plus belles occasions que ces trobades en f\u00eate qu&rsquo;elle vous offre cette fin de semaine. Vous y \u00eates donc convi\u00e9s\u00a0chaleureusement et si vous avez l&rsquo;opportunit\u00e9 de vous y rendre, n&rsquo;h\u00e9sitez pas un seul instant.<\/p>\n<p style=\"text-align: justify;\">En vous souhaitant une belle journ\u00e9e.<br \/>\nFred<br \/>\nPour moyenagepassion.com<br \/>\n<em><strong>A la d\u00e9couverte du monde m\u00e9di\u00e9val sous toutes ses formes.<\/strong><\/em><\/p>\n<p>*\u00a0Sur ces aspects, nous vous conseillons un excellent article de Pers\u00e9e de Stephen P \u00a0Bensch :\u00a0<a href=\"http:\/\/www.persee.fr\/doc\/anami_0003-4398_2006_num_118_255_7138\" target=\"_blank\" rel=\"noopener noreferrer\">La s\u00e9paration des comt\u00e9s d\u2019Emp\u00faries et du Roussillon<\/a>.<\/p>\n","protected":false},"excerpt":{"rendered":"<p>Sujet : f\u00eates historiques, festival moyen-\u00e2ge, troubadours, compagnies m\u00e9di\u00e9vales. Ev\u00e9nement :\u00a0Les Trobades m\u00e9di\u00e9vales de Perpignan 2016 Lieu : Perpignan (Pyr\u00e9n\u00e9es-Orientales, Occitanie) Date : les\u00a015\u00a0et 16\u00a0octobre 2016 Bonjour \u00e0 tous, ette fin de semaine, sur l&rsquo;agenda des \u00e9v\u00e9nements c\u00e9l\u00e9brant le monde m\u00e9di\u00e9val, c&rsquo;est vers le sud de la France que nous vous invitons \u00e0 diriger vos &hellip; <a href=\"https:\/\/www.moyenagepassion.com\/index.php\/2016\/10\/14\/agenda-sorties-medievales-une-fin-de-semaine-pour-celebrer-les-troubadours-a-perpignan-la-catalane\/\" class=\"more-link\">Continuer la lecture de <span class=\"screen-reader-text\">Agenda: une fin de semaine pour c\u00e9l\u00e9brer le moyen-\u00e2ge \u00e0 Perpignan la Catalane<\/span>  <span class=\"meta-nav\">&rarr;<\/span><\/a><\/p>\n","protected":false},"author":2,"featured_media":0,"comment_status":"open","ping_status":"open","sticky":false,"template":"","format":"standard","meta":{"_monsterinsights_skip_tracking":false,"_monsterinsights_sitenote_active":false,"_monsterinsights_sitenote_note":"","_monsterinsights_sitenote_category":0,"footnotes":""},"categories":[11,13],"tags":[1780,1790,1794,1782,289,1795,212,1789,136,632,1233,1380,1339,189,1783,520,1340,1786,1797,1799,1785,1798,1784,1787,22,182,18,85,913,1796,1781,1791,1383,1379,1788,1793,1792,1778,1779,138,1442],"class_list":["post-7527","post","type-post","status-publish","format-standard","hentry","category-fetes-medievales-evenement","category-lieux-moyen-age-medievaux","tag-animations","tag-aragon","tag-castell-rossillo","tag-catalane","tag-catalogne","tag-chateau-roussillon","tag-compagnies-medievales","tag-empuries","tag-festival","tag-festival-medieval","tag-festivites","tag-fetes","tag-fetes-historiques","tag-histoire","tag-histoire-catalogne","tag-histoire-medievale","tag-idees-week-end","tag-jacques-1er-le-conquerant","tag-jacques-ier-de-majorque","tag-jaime-el-conquistador","tag-jaume-1er-daragon","tag-jaume-el-conqueridor","tag-jaume-le-conquerant","tag-majorque","tag-medievale","tag-monde-medieval","tag-moyen-age","tag-moyen-age-central","tag-moyen-age-tardif","tag-palais-des-rois","tag-perpignan","tag-perpignya","tag-rejouissances","tag-ripailles","tag-roussilon","tag-ruscino","tag-sordes","tag-trobades","tag-trobades-medievales","tag-troubadour","tag-ville-historique"],"aioseo_notices":[],"_links":{"self":[{"href":"https:\/\/www.moyenagepassion.com\/index.php\/wp-json\/wp\/v2\/posts\/7527"}],"collection":[{"href":"https:\/\/www.moyenagepassion.com\/index.php\/wp-json\/wp\/v2\/posts"}],"about":[{"href":"https:\/\/www.moyenagepassion.com\/index.php\/wp-json\/wp\/v2\/types\/post"}],"author":[{"embeddable":true,"href":"https:\/\/www.moyenagepassion.com\/index.php\/wp-json\/wp\/v2\/users\/2"}],"replies":[{"embeddable":true,"href":"https:\/\/www.moyenagepassion.com\/index.php\/wp-json\/wp\/v2\/comments?post=7527"}],"version-history":[{"count":1,"href":"https:\/\/www.moyenagepassion.com\/index.php\/wp-json\/wp\/v2\/posts\/7527\/revisions"}],"predecessor-version":[{"id":34178,"href":"https:\/\/www.moyenagepassion.com\/index.php\/wp-json\/wp\/v2\/posts\/7527\/revisions\/34178"}],"wp:attachment":[{"href":"https:\/\/www.moyenagepassion.com\/index.php\/wp-json\/wp\/v2\/media?parent=7527"}],"wp:term":[{"taxonomy":"category","embeddable":true,"href":"https:\/\/www.moyenagepassion.com\/index.php\/wp-json\/wp\/v2\/categories?post=7527"},{"taxonomy":"post_tag","embeddable":true,"href":"https:\/\/www.moyenagepassion.com\/index.php\/wp-json\/wp\/v2\/tags?post=7527"}],"curies":[{"name":"wp","href":"https:\/\/api.w.org\/{rel}","templated":true}]}}