{"id":7928,"date":"2016-10-31T01:21:02","date_gmt":"2016-10-31T00:21:02","guid":{"rendered":"http:\/\/www.moyenagepassion.com\/?p=7928"},"modified":"2020-10-05T01:35:10","modified_gmt":"2020-10-05T00:35:10","slug":"la-croisade-albigeoise-montsegur-haut-lieu-du-catharisme-1","status":"publish","type":"post","link":"https:\/\/www.moyenagepassion.com\/index.php\/2016\/10\/31\/la-croisade-albigeoise-montsegur-haut-lieu-du-catharisme-1\/","title":{"rendered":"La croisade albigeoise : Montsegur, haut lieu du Catharisme  (1)"},"content":{"rendered":"<div id=\"moyen-122800999\" class=\"moyen-before-content moyen-entity-placement\"><script async src=\"\/\/pagead2.googlesyndication.com\/pagead\/js\/adsbygoogle.js?client=ca-pub-3035390706780632\" crossorigin=\"anonymous\"><\/script><ins class=\"adsbygoogle\" style=\"display:block;\" data-ad-client=\"ca-pub-3035390706780632\" \ndata-ad-slot=\"\" \ndata-ad-format=\"auto\"><\/ins>\n<script> \n(adsbygoogle = window.adsbygoogle || []).push({}); \n<\/script>\n<\/div><p><strong><a href=\"https:\/\/www.moyenagepassion.com\/wp-content\/uploads\/2016\/10\/croisade_cathare_albigeois_languedoc_inquisition_montsegur_moyen-age_central.jpg\"><img decoding=\"async\" class=\"alignleft wp-image-8054\" src=\"https:\/\/www.moyenagepassion.com\/wp-content\/uploads\/2016\/10\/croisade_cathare_albigeois_languedoc_inquisition_montsegur_moyen-age_central-300x296.jpg\" alt=\"croisade_cathare_albigeois_languedoc_inquisition_montsegur_moyen-age_central\" width=\"171\" height=\"168\" srcset=\"https:\/\/www.moyenagepassion.com\/wp-content\/uploads\/2016\/10\/croisade_cathare_albigeois_languedoc_inquisition_montsegur_moyen-age_central-300x296.jpg 300w, https:\/\/www.moyenagepassion.com\/wp-content\/uploads\/2016\/10\/croisade_cathare_albigeois_languedoc_inquisition_montsegur_moyen-age_central.jpg 566w\" sizes=\"(max-width: 171px) 100vw, 171px\" \/><\/a>Sujet :<\/strong>\u00a0reconstitution historique, ch\u00e2teau, Cathares, catharisme, si\u00e8ge, Monts\u00e9gur, Albigeois,<br \/>\n<strong>P\u00e9riode :<\/strong>\u00a0moyen-\u00e2ge central<br \/>\n<strong>M\u00e9dia :<\/strong> vid\u00e9o-documentaire, mondes 3D, Des racines et des ailes, France 3.<br \/>\n<strong>Production<\/strong> : IZIgraph Patrimoine<\/p>\n<p>Bonjour \u00e0 tous,<\/p>\n<p style=\"text-align: justify;\"><img decoding=\"async\" class=\"alignleft size-full wp-image-59\" src=\"https:\/\/www.moyenagepassion.com\/wp-content\/uploads\/2015\/12\/A_lettrine_moyen_age_passion.jpg\" alt=\"A_lettrine_moyen_age_passion\" width=\"84\" height=\"103\" \/>ujourd&rsquo;hui, \u00e0 la faveur d&rsquo;une belle reconstitution 3D que nous devons \u00e0 la soci\u00e9t\u00e9 <a href=\"http:\/\/www.izigraph.fr\/patrimoine.html\" target=\"_blank\" rel=\"noopener noreferrer\">IZIgraph Patrimoine<\/a>, nous abordons l&rsquo;histoire du ch\u00e2teau de Monts\u00e9gur assi\u00e9g\u00e9 en 1243-1244\u00a0lors de la croisade contre les cathares et, du m\u00eame coup, nous en profitons pour ouvrir une s\u00e9rie d&rsquo;articles sur cette croisade contre les Albigeois.<\/p>\n<p style=\"text-align: justify;\"><a href=\"https:\/\/www.moyenagepassion.com\/wp-content\/uploads\/2016\/10\/chateau_montsegur_pays_cathare_albigeois_reconstitution_3D_monde_medieval.jpg\"><img decoding=\"async\" class=\"alignnone wp-image-7984 size-full\" src=\"https:\/\/www.moyenagepassion.com\/wp-content\/uploads\/2016\/10\/chateau_montsegur_pays_cathare_albigeois_reconstitution_3D_monde_medieval.jpg\" alt=\"chateau_montsegur_pays_cathare_albigeois_reconstitution_3D_monde_medieval\" width=\"600\" height=\"344\" srcset=\"https:\/\/www.moyenagepassion.com\/wp-content\/uploads\/2016\/10\/chateau_montsegur_pays_cathare_albigeois_reconstitution_3D_monde_medieval.jpg 600w, https:\/\/www.moyenagepassion.com\/wp-content\/uploads\/2016\/10\/chateau_montsegur_pays_cathare_albigeois_reconstitution_3D_monde_medieval-300x172.jpg 300w\" sizes=\"(max-width: 600px) 100vw, 600px\" \/><\/a><\/p>\n<p style=\"text-align: justify;\">Pour qui s&rsquo;est d\u00e9j\u00e0 rendu sur place pour visiter les ruines de ce qui reste de Monts\u00e9gur, \u00a0la hauteur \u00e0 laquelle est b\u00e2tie la forteresse sur son piton rocheux (ou son pog en bon languedocien) ne peut que faire\u00a0forte impression. Ses murailles ou ce qu&rsquo;il en reste,\u00a0qui sont en r\u00e9alit\u00e9 les vestiges d&rsquo;un ch\u00e2teau construit post\u00e9rieurement \u00e0 celui qui subit le terrible si\u00e8ge des ann\u00e9es 1240,\u00a0plafonnent, en effet, \u00e0 pr\u00e8s de 1 200 m\u00e8tres d&rsquo;altitude sur un\u00a0d\u00f4me de calcaire qui, un peu \u00e0 l&rsquo;image des hauteurs du ch\u00e2teau de Foix, semble avoir \u00e9t\u00e9 plant\u00e9 l\u00e0, depuis des temps imm\u00e9moriaux, dans l&rsquo;attente qu&rsquo;on y juche une forteresse.<\/p>\n<p style=\"text-align: justify;\">Arriv\u00e9 au pied de cet \u00e9tonnant relief, on ne se surprend pas que ce mythique ch\u00e2teau de Montsegur, dernier bastion d&rsquo;une communaut\u00e9 cathare alors encore significative en nombre ait pu donner tant de\u00a0fil \u00e0 retordre aux arm\u00e9es des crois\u00e9s chr\u00e9tiens qui, avec la b\u00e9n\u00e9diction des papes et des rois avaient \u00a0entrepris, au milieu du XIIIe si\u00e8cle, de mettre fin \u00e0 une h\u00e9r\u00e9sie, elle-m\u00eame chr\u00e9tienne. Au moment du si\u00e8ge de Monts\u00e9gur en 1243, une grande majorit\u00e9 des cathares a\u00a0abjur\u00e9, a \u00e9t\u00e9 d\u00e9cim\u00e9e ou bannie des terres du Languedoc ou a m\u00eame fui pour se r\u00e9fugier<a href=\"http:\/\/www.persee.fr\/doc\/shmes_1261-9078_2000_act_30_1_1763\" target=\"_blank\" rel=\"noopener noreferrer\">\u00a0vers la Catalogne ou vers l&rsquo;Italie et la Lombardie notamment<\/a>),<\/p>\n<p style=\"text-align: justify;\"><a href=\"https:\/\/www.moyenagepassion.com\/wp-content\/uploads\/2016\/10\/chateau_montsegur_pays_cathare_albigeois_reconstitution_3D.jpg\"><img decoding=\"async\" class=\"alignnone wp-image-7982 size-full\" src=\"https:\/\/www.moyenagepassion.com\/wp-content\/uploads\/2016\/10\/chateau_montsegur_pays_cathare_albigeois_reconstitution_3D.jpg\" alt=\"chateau_montsegur_pays_cathare_albigeois_reconstitution_3D\" width=\"534\" height=\"563\" srcset=\"https:\/\/www.moyenagepassion.com\/wp-content\/uploads\/2016\/10\/chateau_montsegur_pays_cathare_albigeois_reconstitution_3D.jpg 534w, https:\/\/www.moyenagepassion.com\/wp-content\/uploads\/2016\/10\/chateau_montsegur_pays_cathare_albigeois_reconstitution_3D-285x300.jpg 285w\" sizes=\"(max-width: 534px) 100vw, 534px\" \/><\/a><\/p>\n<h2>Une exp\u00e9dition \u00e0 l&rsquo;assaut de l&rsquo;Histoire<\/h2>\n<p style=\"text-align: justify;\"><img decoding=\"async\" class=\"alignleft size-full wp-image-397\" src=\"https:\/\/www.moyenagepassion.com\/wp-content\/uploads\/2015\/12\/O_lettrine_moyen_age_passion.jpg\" alt=\"O_lettrine_moyen_age_passion\" width=\"96\" height=\"103\" \/>n se gare en bas du piton rocheux et on grimpe \u00e0 l&rsquo;assaut de la forteresse de Monts\u00e9gur par un petit sentier \u00e9troit qui serpente entre la v\u00e9g\u00e9tation et les arbres et qui semble n&rsquo;en plus finir.\u00a0Une fois arriv\u00e9 en\u00a0haut,\u00a0on d\u00e9couvre bien vite qu&rsquo;il ne reste plus que quelques ruines du ch\u00e2teau qui fut construit post\u00e9rieurement au si\u00e8ge de Monts\u00e9gur, mais cela n&rsquo;importe peu car nous sommes bien sur les terres du drame et les guides tr\u00e8s dynamiques et enthousiastes qui vous attendent, au sommet de ce pog, ont t\u00f4t fait de vous transporter \u00e0 travers ses heures les plus glorieuses et les plus sombres.<\/p>\n<p style=\"text-align: justify;\"><a href=\"https:\/\/www.moyenagepassion.com\/wp-content\/uploads\/2016\/10\/croisade_cathare_albigeois_languedoc_inquisition_siege_visite_montsegur_moyen-age_central.jpg\"><img decoding=\"async\" class=\"alignright wp-image-8059\" src=\"https:\/\/www.moyenagepassion.com\/wp-content\/uploads\/2016\/10\/croisade_cathare_albigeois_languedoc_inquisition_siege_visite_montsegur_moyen-age_central-300x244.jpg\" alt=\"croisade_cathare_albigeois_languedoc_inquisition_siege_visite_montsegur_moyen-age_central\" width=\"215\" height=\"175\" srcset=\"https:\/\/www.moyenagepassion.com\/wp-content\/uploads\/2016\/10\/croisade_cathare_albigeois_languedoc_inquisition_siege_visite_montsegur_moyen-age_central-300x244.jpg 300w, https:\/\/www.moyenagepassion.com\/wp-content\/uploads\/2016\/10\/croisade_cathare_albigeois_languedoc_inquisition_siege_visite_montsegur_moyen-age_central.jpg 407w\" sizes=\"(max-width: 215px) 100vw, 215px\" \/><\/a>Se tenant au milieu de sa cour trap\u00e9zo\u00efdale, la surface laiss\u00e9e semble si petite que l&rsquo;on peine m\u00eame \u00e0 imaginer qu&rsquo;ici durant pr\u00e8s de quarante ans vivaient en moyenne entre 500 et 800 personnes. D&rsquo;apr\u00e8s les sources arch\u00e9ologiques, un v\u00e9ritable village s&rsquo;y tenait. On avance m\u00eame\u00a0que lors du si\u00e8ge de Monts\u00e9gur, quelques mille cathares, fuyant l&rsquo;inquisition qui s\u00e9vissait alors dans la plaine du Languedoc, y avaient trouv\u00e9 refuge.\u00a0En r\u00e9alit\u00e9, outre le fait que les notions d&rsquo;espace sont quelques fois trompeuses et qu&rsquo;il est difficile de se les repr\u00e9senter \u00e9difi\u00e9es quand elles sont \u00e0 nues, la cour du Castrum \u00e9tait loin d&rsquo;\u00eatre la seule occup\u00e9e sur cette montagne. Les quelques murs encore debout ne sont que les vestiges du centre de la place forte. Les\u00a0autres remparts ont \u00e9t\u00e9 totalement d\u00e9truits apr\u00e8s coup, ainsi que les autres \u00e9difices qui se trouvaient sur les hauts de Monts\u00e9gur et cette excellente reconstitution 3D\u00a0a le grand avantage de nous permettre de mieux se les repr\u00e9senter, tout en donnant quelques \u00e9l\u00e9ments sur le si\u00e8ge que connut le ch\u00e2teau entre 1243 et 1244.<\/p>\n<p><iframe src=\"https:\/\/www.youtube.com\/embed\/lHWmmBKZiY0\" width=\"600\" height=\"333\" frameborder=\"0\" allowfullscreen=\"allowfullscreen\"><\/iframe><\/p>\n<p style=\"text-align: justify;\"><img decoding=\"async\" class=\"alignleft size-full wp-image-535\" src=\"https:\/\/www.moyenagepassion.com\/wp-content\/uploads\/2015\/12\/M_lettrine_moyen_age_passion.jpg\" alt=\"M_lettrine_moyen_age_passion\" width=\"108\" height=\"103\" \/>\u00eame si le treizi\u00e8me si\u00e8cle avait vu les arm\u00e9es s&rsquo;aguerrir de l&rsquo;exp\u00e9rience des croisades successives en terre lointaine, par la nature m\u00eame de son site, \u00a0le pog de Monts\u00e9gur a donc \u00e9t\u00e9 le th\u00e9\u00e2tre d&rsquo;un des plus longs si\u00e8ges de l&rsquo;histoire de la croisade contre les albigeois. Pas moins de dix mois furent, en effet, n\u00e9cessaires pour faire tomber la forteresse o\u00f9 s&rsquo;\u00e9taient r\u00e9fugi\u00e9s non pas les derniers, mais les \u00ab\u00a0presque\u00a0\u00bb derniers cathares.<\/p>\n<p style=\"text-align: justify;\">Quand, en ce d\u00e9but d&rsquo;ann\u00e9e 1243, les\u00a0quelques cinq mille hommes de l&rsquo;arm\u00e9e du S\u00e9n\u00e9chal de Carcassonne <em><strong>Hugues des Arcis<\/strong><\/em>, accompagn\u00e9s de l&rsquo;archev\u00eaque de Narbonne, <em><strong>Pierre Amiel<\/strong><\/em>, se regroupent au pied du piton de calcaire en vue de l&rsquo;assi\u00e9ger, c&rsquo;est, en r\u00e9alit\u00e9 un ch\u00e2teau et un seigneur chr\u00e9tien auxquels ils font face, m\u00eame si ce lieu est devenu, depuis plus de dix ans d\u00e9j\u00e0, un haut lieu du catharisme.\u00a0Le seigneur auquel la forteresse appartient, un noble occitan du nom de <strong><em>Raymond de P\u00e9reille<\/em><\/strong>, a, en effet, conc\u00e9d\u00e9, en 1230, \u00e0 l&rsquo;\u00e9v\u00eaque cathare\u00a0<em><strong>Guilhabert de Castres<\/strong><\/em> de faire de Monts\u00e9gur \u00a0la t\u00eate de pont et le si\u00e8ge de l&rsquo;\u00e9glise cathare.<\/p>\n<p style=\"text-align: justify;\"><a href=\"https:\/\/www.moyenagepassion.com\/wp-content\/uploads\/2016\/10\/croisade_cathare_albigeois_languedoc_inquisition_montsegur_reconstitution_3D_chateau_fort_010.jpg\"><img decoding=\"async\" class=\"alignnone wp-image-8042 size-full\" src=\"https:\/\/www.moyenagepassion.com\/wp-content\/uploads\/2016\/10\/croisade_cathare_albigeois_languedoc_inquisition_montsegur_reconstitution_3D_chateau_fort_010.jpg\" alt=\"croisade_cathare_albigeois_languedoc_inquisition_montsegur_reconstitution_3D_chateau_fort_010\" width=\"1024\" height=\"535\" srcset=\"https:\/\/www.moyenagepassion.com\/wp-content\/uploads\/2016\/10\/croisade_cathare_albigeois_languedoc_inquisition_montsegur_reconstitution_3D_chateau_fort_010.jpg 1024w, https:\/\/www.moyenagepassion.com\/wp-content\/uploads\/2016\/10\/croisade_cathare_albigeois_languedoc_inquisition_montsegur_reconstitution_3D_chateau_fort_010-300x157.jpg 300w\" sizes=\"(max-width: 1024px) 100vw, 1024px\" \/><\/a><br \/>\n<a href=\"https:\/\/www.moyenagepassion.com\/wp-content\/uploads\/2016\/10\/croisade_cathare_albigeois_languedoc_inquisition_montsegur_reconstitution_3D_chateau_fort_002.jpg\"><img decoding=\"async\" class=\"alignnone wp-image-8050\" src=\"https:\/\/www.moyenagepassion.com\/wp-content\/uploads\/2016\/10\/croisade_cathare_albigeois_languedoc_inquisition_montsegur_reconstitution_3D_chateau_fort_002.jpg\" alt=\"croisade_cathare_albigeois_languedoc_inquisition_montsegur_reconstitution_3D_chateau_fort_002\" width=\"233\" height=\"122\" srcset=\"https:\/\/www.moyenagepassion.com\/wp-content\/uploads\/2016\/10\/croisade_cathare_albigeois_languedoc_inquisition_montsegur_reconstitution_3D_chateau_fort_002.jpg 1024w, https:\/\/www.moyenagepassion.com\/wp-content\/uploads\/2016\/10\/croisade_cathare_albigeois_languedoc_inquisition_montsegur_reconstitution_3D_chateau_fort_002-300x157.jpg 300w\" sizes=\"(max-width: 233px) 100vw, 233px\" \/><\/a>\u00a0\u00a0<a href=\"https:\/\/www.moyenagepassion.com\/wp-content\/uploads\/2016\/10\/croisade_cathare_albigeois_languedoc_inquisition_montsegur_reconstitution_3D_chateau_fort_005.jpg\"><img decoding=\"async\" class=\"alignnone wp-image-8047\" src=\"https:\/\/www.moyenagepassion.com\/wp-content\/uploads\/2016\/10\/croisade_cathare_albigeois_languedoc_inquisition_montsegur_reconstitution_3D_chateau_fort_005.jpg\" alt=\"croisade_cathare_albigeois_languedoc_inquisition_montsegur_reconstitution_3D_chateau_fort_005\" width=\"232\" height=\"121\" srcset=\"https:\/\/www.moyenagepassion.com\/wp-content\/uploads\/2016\/10\/croisade_cathare_albigeois_languedoc_inquisition_montsegur_reconstitution_3D_chateau_fort_005.jpg 1024w, https:\/\/www.moyenagepassion.com\/wp-content\/uploads\/2016\/10\/croisade_cathare_albigeois_languedoc_inquisition_montsegur_reconstitution_3D_chateau_fort_005-300x157.jpg 300w\" sizes=\"(max-width: 232px) 100vw, 232px\" \/><\/a><\/p>\n<h2 style=\"text-align: justify;\">1230 Monts\u00e9gur haut lieu du catharisme<\/h2>\n<p style=\"text-align: justify;\"><img decoding=\"async\" class=\"alignleft size-full wp-image-153\" src=\"https:\/\/www.moyenagepassion.com\/wp-content\/uploads\/2015\/12\/L_lettrine_moyen_age_passion.jpg\" alt=\"L_lettrine_moyen_age_passion\" width=\"84\" height=\"103\" \/>e trait\u00e9 de Meaux-Paris a \u00e9t\u00e9 sign\u00e9 un an auparavant, consacrant la paix entre Paris et Toulouse et ce qui sera le premier pas vers l&rsquo;annexion d\u00e9finitive de la r\u00e9gion par la couronne fran\u00e7aise moins d&rsquo;un demi-si\u00e8cle plus tard.\u00a0L&rsquo;inquisition n&rsquo;est alors pas encore cr\u00e9\u00e9e, elle ne le sera qu&rsquo;en 1233 par le pape <em><strong>Gr\u00e9goire IX<\/strong><\/em>, d\u00e9sireux d&rsquo;en terminer avec le catharisme tout en cr\u00e9ant un cadre permettant d&rsquo;\u00e9tablir des proc\u00e9dures et d&rsquo;\u00e9viter, dit-on aussi, les abus des justices civiles.<\/p>\n<p style=\"text-align: justify;\"><span style=\"color: #000000;\">M\u00eame si cette id\u00e9e peut faire grincer des dents, certains historiens et juristes avancent en effet que\u00a0la cr\u00e9ation de l&rsquo;inquisition et l&rsquo;instauration d&rsquo;une d\u00e9marche inquisitoriale repr\u00e9sent\u00e8rent un \u00ab\u00a0progr\u00e8s\u00a0\u00bb en terme de proc\u00e9dure par rapport \u00e0 la situation pr\u00e9c\u00e9dente. Si on la compare avec les abus et les massacres auquel la croisade avait donn\u00e9 lieu &#8211; on se souvient du si\u00e8ge de B\u00e9ziers et du passage par le fer de populations enti\u00e8res, sans aucune forme de proc\u00e8s &#8211; il ne fait pas tellement de doute que ce fut le cas. D&rsquo;apr\u00e8s les sources historiques, on sait aujourd&rsquo;hui encore que les inquisiteurs trouvaient bien plus de satisfactions dans l&rsquo;abjuration par les cathares de leur foi et dans leur retour dans le troupeau des brebis catholiques que dans leur cr\u00e9mation. Or, il semble que, de son c\u00f4t\u00e9, la justice civile en faisait moins de cas, \u00e9tant de nature plus exp\u00e9ditive dans son <img decoding=\"async\" class=\"alignright wp-image-8033\" src=\"https:\/\/www.moyenagepassion.com\/wp-content\/uploads\/2016\/10\/croisade_cathare_albigeois_languedoc_inquisition_montsegur_pape_gregoire_IX.jpg\" alt=\"croisade_cathare_albigeois_languedoc_inquisition_montsegur_pape_gregoire_IX\" width=\"191\" height=\"269\" srcset=\"https:\/\/www.moyenagepassion.com\/wp-content\/uploads\/2016\/10\/croisade_cathare_albigeois_languedoc_inquisition_montsegur_pape_gregoire_IX.jpg 250w, https:\/\/www.moyenagepassion.com\/wp-content\/uploads\/2016\/10\/croisade_cathare_albigeois_languedoc_inquisition_montsegur_pape_gregoire_IX-213x300.jpg 213w\" sizes=\"(max-width: 191px) 100vw, 191px\" \/>application des lois, des consignes et des sentences. Pour illustrer cela, nous citons ici Jean Louis Biget, Historien sp\u00e9cialiste de ces questions:<\/span><\/p>\n<p style=\"text-align: justify;\"><strong><em><span style=\"color: #008000;\">\u00ab\u00a0L&rsquo;Inquisition substitue \u00e0 la proc\u00e9dure accusatoire publique une proc\u00e9dure d&rsquo;office totalement secr\u00e8te, \u00e0 huis clos et sans avocat. Malgr\u00e9 ses aspects arbitraires, elle offre autant de garanties que les justices traditionnelles, qui soumettent les accus\u00e9s \u00e0 une pr\u00e9somption de culpabilit\u00e9 et les obligent \u00e0 subir l&rsquo;\u00e9preuve, fort al\u00e9atoire, du fer rouge, ou d&rsquo;autres de m\u00eame style, pour prouver leur innocence. Les enqu\u00eates fouill\u00e9es et exhaustives des inquisiteurs laissent ses chances \u00e0 l&rsquo;accus\u00e9, s&rsquo;il n&rsquo;est pas coupable, et les faux t\u00e9moins encourent la prison perp\u00e9tuelle. L&rsquo;Inquisition prononce cependant des ch\u00e2timents s\u00e9v\u00e8res\u00a0: la remise au bras s\u00e9culier \u2013 c&rsquo;est-\u00e0-dire le b\u00fbcher \u2013, la prison, qu&rsquo;elle instaure comme peine afflictive, le port de signes infamants \u2013 des croix, homologues \u00e0 la rouelle des juifs. Elle recourt \u00e0 des techniques modernes\u00a0: elle se constitue une m\u00e9moire \u00e9crite, fortement structur\u00e9e, avec des r\u00e9pertoires commodes, r\u00e9volution analogue \u00e0 celle de l&rsquo;informatique.\u00a0\u00bb<br \/>\n<\/span><\/em><\/strong><span style=\"text-decoration: underline;\"><span style=\"color: #808080;\"><a style=\"color: #808080; text-decoration: underline;\" href=\"http:\/\/www.clio.fr\/bibliotheque\/catharisme_et_cathares_en_languedoc.asp\" target=\"_blank\" rel=\"noopener noreferrer\">jean-Louis Biget : Catharisme et Cathares en Languedoc<\/a><\/span><\/span><\/p>\n<p style=\"text-align: justify;\">Du reste, comme l&rsquo;\u00e9glise ne pouvait pas mettre en oeuvre les sentences d&rsquo;ordre punitives, c&rsquo;est bien sur la justice civile que les inquisiteurs allaient s&rsquo;appuyer pour faire avaliser leurs d\u00e9cisions. Si cette derni\u00e8re ne s&rsquo;y \u00e9tait pas pli\u00e9e, aucun b\u00fbcher n&rsquo;aurait sans doute \u00e9t\u00e9 allum\u00e9, ni aucun cathare emmur\u00e9 mais l&rsquo;Europe m\u00e9di\u00e9vale est politico-religieuse, comme les couronnes le sont, et il est alors difficile de tracer clairement les fronti\u00e8res entre les deux. Disant tout cela, on comprend bien qu&rsquo;il n&rsquo;est pas question ici de justifier quoique ce soit, mais simplement d&rsquo;\u00eatre r\u00e9aliste sur les motivations et les forces en pr\u00e9sence, au vue du contexte historique et politique du XIIIe si\u00e8cle.\u00a0Bien s\u00fbr,\u00a0pour beaucoup, il aurait \u00e9t\u00e9 plus simple que l&rsquo;appel \u00e0 la croisade n&rsquo;ait pas \u00e9t\u00e9 lanc\u00e9, que l&rsquo;inquisition n&rsquo;ait pas \u00e9t\u00e9 cr\u00e9\u00e9e, que l&rsquo;\u00e9glise en reste l\u00e0 avec le catharisme, mais la machine \u00e9tait lanc\u00e9e et il semble bien que rien n&rsquo;aurait pu alors la faire reculer.\u00a0Il ne s&rsquo;agissait plus depuis longtemps pour Rome, de laisser courir l&rsquo;h\u00e9r\u00e9sie cathare mais de l&rsquo;\u00e9radiquer.<\/p>\n<p style=\"text-align: justify;\"><a href=\"https:\/\/www.moyenagepassion.com\/wp-content\/uploads\/2016\/10\/croisade_cathare_albigeois_languedoc_inquisition_montsegur_reconstitution_3D_chateau_fort_009.jpg\"><img decoding=\"async\" class=\"alignleft wp-image-8043 size-full\" src=\"https:\/\/www.moyenagepassion.com\/wp-content\/uploads\/2016\/10\/croisade_cathare_albigeois_languedoc_inquisition_montsegur_reconstitution_3D_chateau_fort_009.jpg\" alt=\"croisade_cathare_albigeois_languedoc_inquisition_montsegur_reconstitution_3D_chateau_fort_009\" width=\"1024\" height=\"535\" srcset=\"https:\/\/www.moyenagepassion.com\/wp-content\/uploads\/2016\/10\/croisade_cathare_albigeois_languedoc_inquisition_montsegur_reconstitution_3D_chateau_fort_009.jpg 1024w, https:\/\/www.moyenagepassion.com\/wp-content\/uploads\/2016\/10\/croisade_cathare_albigeois_languedoc_inquisition_montsegur_reconstitution_3D_chateau_fort_009-300x157.jpg 300w\" sizes=\"(max-width: 1024px) 100vw, 1024px\" \/><\/a><\/p>\n<p style=\"text-align: justify;\"><a href=\"https:\/\/www.moyenagepassion.com\/wp-content\/uploads\/2016\/10\/croisade_cathare_albigeois_languedoc_inquisition_montsegur_reconstitution_3D_chateau_fort_006.jpg\"><img decoding=\"async\" class=\"alignnone wp-image-8046\" src=\"https:\/\/www.moyenagepassion.com\/wp-content\/uploads\/2016\/10\/croisade_cathare_albigeois_languedoc_inquisition_montsegur_reconstitution_3D_chateau_fort_006.jpg\" alt=\"croisade_cathare_albigeois_languedoc_inquisition_montsegur_reconstitution_3D_chateau_fort_006\" width=\"232\" height=\"121\" srcset=\"https:\/\/www.moyenagepassion.com\/wp-content\/uploads\/2016\/10\/croisade_cathare_albigeois_languedoc_inquisition_montsegur_reconstitution_3D_chateau_fort_006.jpg 1024w, https:\/\/www.moyenagepassion.com\/wp-content\/uploads\/2016\/10\/croisade_cathare_albigeois_languedoc_inquisition_montsegur_reconstitution_3D_chateau_fort_006-300x157.jpg 300w\" sizes=\"(max-width: 232px) 100vw, 232px\" \/><\/a>\u00a0\u00a0 \u00a0<a href=\"https:\/\/www.moyenagepassion.com\/wp-content\/uploads\/2016\/10\/croisade_cathare_albigeois_languedoc_inquisition_montsegur_reconstitution_3D_chateau_fort_008.jpg\"><img decoding=\"async\" class=\"alignnone wp-image-8044\" src=\"https:\/\/www.moyenagepassion.com\/wp-content\/uploads\/2016\/10\/croisade_cathare_albigeois_languedoc_inquisition_montsegur_reconstitution_3D_chateau_fort_008.jpg\" alt=\"croisade_cathare_albigeois_languedoc_inquisition_montsegur_reconstitution_3D_chateau_fort_008\" width=\"229\" height=\"119\" srcset=\"https:\/\/www.moyenagepassion.com\/wp-content\/uploads\/2016\/10\/croisade_cathare_albigeois_languedoc_inquisition_montsegur_reconstitution_3D_chateau_fort_008.jpg 1024w, https:\/\/www.moyenagepassion.com\/wp-content\/uploads\/2016\/10\/croisade_cathare_albigeois_languedoc_inquisition_montsegur_reconstitution_3D_chateau_fort_008-300x157.jpg 300w\" sizes=\"(max-width: 229px) 100vw, 229px\" \/><\/a><\/p>\n<h2 style=\"text-align: justify;\">Un climat d&rsquo;occupation<\/h2>\n<p style=\"text-align: justify;\"><span style=\"color: #000000;\"><img decoding=\"async\" class=\"alignleft size-full wp-image-128\" src=\"https:\/\/www.moyenagepassion.com\/wp-content\/uploads\/2015\/12\/S_lettrine_moyen_age_passion.jpg\" alt=\"S_lettrine_moyen_age_passion\" width=\"84\" height=\"103\" \/>ur les terres languedociennes, une fois le t<\/span>rait\u00e9 de Meaux-Paris sign\u00e9, en 1229 et une paix relative retrouv\u00e9e entre la couronne royale et du comt\u00e9 de Toulouse en la d\u00e9faveur de cette derni\u00e8re, la croisade militaire \u00e9tait donc officiellement termin\u00e9e. De nombreux seigneurs languedociens d\u00e9poss\u00e9d\u00e9s de leurs terres et leurs fiefs, on installa dans leur ch\u00e2teau des seigneurs fran\u00e7ais et, sur le terrain, des officiers royaux, baillis et autres viguiers, qui se chargeaient d&rsquo;encadrer la situation. Cette derni\u00e8re fut rapidement v\u00e9cue par les languedociens comme une occupation et c&rsquo;est compr\u00e9hensible, puisque techniquement c&rsquo;en \u00e9tait une. Avant tout cela, la province \u00e9tait autonome et ne faisait pas partie de la couronne fran\u00e7aise. Le climat est d&rsquo;autant plus d\u00e9licat que les abus de la part de ces officiers royaux sont, dit-on, alors nombreux et vont graduellement achever d&rsquo;exasp\u00e9rer les populations.<\/p>\n<p style=\"text-align: justify;\">De son c\u00f4t\u00e9, la victoire politique \u00e9tant une chose, Gr\u00e9goire IX entreprit de continuer la traque des cathares par ses propres repr\u00e9sentants. All\u00e9guant \u00a0que les \u00e9v\u00eaques \u00e9taient trop occup\u00e9s pour conduire cette t\u00e2che, il confia l&rsquo;inquisition \u00e0 l&rsquo;ordre mendiant des dominicains qui s&rsquo;\u00e9taient signal\u00e9s, un peu avant, dans le Languedoc par leur d\u00e9marche de pr\u00eache et de pr\u00e9dications, moins fastueuse et plus d\u00e9pouill\u00e9e que celle des autres repr\u00e9sentants de l&rsquo;\u00e9glise d&rsquo;alors. L<strong>&lsquo;<\/strong>ordre monastique \u00e9tait d&rsquo;ailleurs n\u00e9, en grande partie, de l&rsquo;exp\u00e9rience et des tentatives de son fondateur, <strong><em>Dominique de Guzm\u00e1n<\/em><\/strong>\u00a0(Saint-Dominique) pour\u00a0rallier les adeptes du catharisme \u00e0 une\u00a0foi chr\u00e9tienne plus proche des origines.\u00a0\u00a0Quoiqu&rsquo;il en soit, par cette inquisition, Rome acheva d&rsquo;ajouter \u00e0 l&rsquo;humiliation des seigneurs du pays d&rsquo;Oc et au climat de tension et de peur qu&rsquo;avaient g\u00e9n\u00e9r\u00e9 les croisades autant que l&rsquo;intrusion des seigneurs et des gens du nord sur les terres languedociennes, en cr\u00e9ant sur la dur\u00e9e un climat de pers\u00e9cution et de d\u00e9lation au sein des populations.<\/p>\n<h2 style=\"text-align: justify;\">L&rsquo;organisation de Monts\u00e9gur apr\u00e8s 1230:<br \/>\nEglise cathare et chevaliers faydits<\/h2>\n<p style=\"text-align: justify;\"><img decoding=\"async\" class=\"alignleft size-full wp-image-445\" src=\"https:\/\/www.moyenagepassion.com\/wp-content\/uploads\/2015\/12\/P_lettrine_moyen_age_passion-copia.jpg\" alt=\"P_lettrine_moyen_age_passion copia\" width=\"96\" height=\"103\" \/>our revenir \u00e0 1230, la tr\u00eave \u00e9tant sign\u00e9e et l&rsquo;inquisition pas encore cr\u00e9\u00e9e, dans cet entre-deux peut-\u00eatre le seigneur de Monts\u00e9gur a-t-il alors pens\u00e9 que les conflits \u00e9taient derri\u00e8re eux? Toujours est-il qu&rsquo;il finira par c\u00e9der \u00e0 la requ\u00eate de l&rsquo;\u00e9v\u00eaque cathare et ne reviendra pas dessus, \u00e0 aucun moment, dans les ann\u00e9es qui suivront. Montsegur deviendra donc le haut lieu officiel \u00a0du catharisme. Les cathares aideront \u00e0 financer la garnison permettant d&rsquo;assurer la protection du ch\u00e2teau, et, peu de temps apr\u00e8s, <em><strong>Raymond de P\u00e9reille<\/strong><\/em> confiera l&rsquo;organisation de sa d\u00e9fense \u00e0 un homme qui est son cousin et deviendra bient\u00f4t son gendre puisqu&rsquo;il lui donnera sa fille en \u00e9pousailles: <em><strong>Pierre-Roger de Mirepoix<\/strong><\/em>. Ce dernier jouera un r\u00f4le majeur dans la d\u00e9fense de Monts\u00e9gur lors du si\u00e8ge mais aussi dans le d\u00e9clenchement de l&rsquo;op\u00e9ration militaire d&rsquo;envergure qui signera la destruction de la forteresse dans sa forme cathare<a href=\"https:\/\/www.moyenagepassion.com\/wp-content\/uploads\/2016\/10\/blason_chateau_montsegur_pays_cathare_albigeois_reconstitution_3D_monde_medieval.jpg\"><img decoding=\"async\" class=\"alignright wp-image-7988\" src=\"https:\/\/www.moyenagepassion.com\/wp-content\/uploads\/2016\/10\/blason_chateau_montsegur_pays_cathare_albigeois_reconstitution_3D_monde_medieval.jpg\" alt=\"blason_chateau_montsegur_pays_cathare_albigeois_reconstitution_3D_monde_medieval\" width=\"224\" height=\"221\" srcset=\"https:\/\/www.moyenagepassion.com\/wp-content\/uploads\/2016\/10\/blason_chateau_montsegur_pays_cathare_albigeois_reconstitution_3D_monde_medieval.jpg 566w, https:\/\/www.moyenagepassion.com\/wp-content\/uploads\/2016\/10\/blason_chateau_montsegur_pays_cathare_albigeois_reconstitution_3D_monde_medieval-300x296.jpg 300w\" sizes=\"(max-width: 224px) 100vw, 224px\" \/><\/a>. Au moment de l&rsquo;attaque du ch\u00e2teau, cela dit, le site est d\u00e9j\u00e0 largement rep\u00e9r\u00e9, d\u00e9nonc\u00e9 et regard\u00e9 de biais, depuis longtemps par l&rsquo;Eglise romaine et on peut imaginer que face aux enjeux et aux forces en pr\u00e9sence, Monts\u00e9gur allait bien devoir,\u00a0t\u00f4t ou tard, \u00a0tomber.<\/p>\n<p style=\"text-align: justify;\">A l&rsquo;image de la garnison qui se trouve alors sur place et des hommes dont il s&rsquo;est entour\u00e9, Pierre-Roger de Mirepoix est un chevalier et seigneur languedocien \u00ab\u00a0faydit\u00a0\u00bb. Il s&rsquo;est vu confisquer ses biens et ses possessions en 1209 par Simont de Monfort, soit le ch\u00e2teau de Mirepoix, pour son implication aux c\u00f4t\u00e9s des albigeois dans les conflits. Il le reprendra en 1223 pour le perdre \u00e0 nouveau sur l&rsquo;ordonnance royale de 1229. D\u00e9poss\u00e9d\u00e9 de tout par deux fois, si l&rsquo;on admet que cette croisade fut en r\u00e9alit\u00e9 une guerre de conqu\u00eate tout \u00e0 la fois g\u00e9o-strat\u00e9gique, politique, \u00e9conomique et religieuse et on ne peut gu\u00e8re faire autrement au vue de ses cons\u00e9quences historiques concr\u00e8tes\u00a0sur le terrain, du point de vue languedocien, l&rsquo;homme deviendra un r\u00e9sistant.<\/p>\n<p style=\"text-align: justify;\"><a href=\"https:\/\/www.moyenagepassion.com\/wp-content\/uploads\/2016\/10\/croisade_cathare_albigeois_languedoc_inquisition_montsegur_reconstitution_3D_chateau_fort_007.jpg\"><img decoding=\"async\" class=\"alignnone wp-image-8045 size-full\" src=\"https:\/\/www.moyenagepassion.com\/wp-content\/uploads\/2016\/10\/croisade_cathare_albigeois_languedoc_inquisition_montsegur_reconstitution_3D_chateau_fort_007.jpg\" alt=\"croisade_cathare_albigeois_languedoc_inquisition_montsegur_reconstitution_3D_chateau_fort_007\" width=\"1024\" height=\"535\" srcset=\"https:\/\/www.moyenagepassion.com\/wp-content\/uploads\/2016\/10\/croisade_cathare_albigeois_languedoc_inquisition_montsegur_reconstitution_3D_chateau_fort_007.jpg 1024w, https:\/\/www.moyenagepassion.com\/wp-content\/uploads\/2016\/10\/croisade_cathare_albigeois_languedoc_inquisition_montsegur_reconstitution_3D_chateau_fort_007-300x157.jpg 300w\" sizes=\"(max-width: 1024px) 100vw, 1024px\" \/><\/a><\/p>\n<p style=\"text-align: justify;\"><strong>A propos du faidiment\u00a0<\/strong><br \/>\nSans \u00eatre soi-m\u00eame cathare, il suffisait alors de s&rsquo;en d\u00e9clarer protecteur ou de ne pas vouloir participer volontairement \u00e0 la croisade ordonn\u00e9e par Rome pour tomber sous le coup du faidiment et de nombreux nobles languedociens \u00e9taient de fait tomb\u00e9s sous le coup de cette mesure. Elle n&rsquo;\u00e9tait pas d\u00e9finitive et pour r\u00e9cup\u00e9rer ses terres, il \u00ab\u00a0suffisait\u00a0\u00bb en passant par les instances de Rome\u00a0ou en s&rsquo;adressant directement au pape, d&rsquo;abjurer si l&rsquo;on \u00e9tait cathare et, dans tous les cas de figure, de rejoindre les rangs de la croisade pour\u00a0lutter activement contre l&rsquo;h\u00e9r\u00e9sie.\u00a0Facile \u00e0 dire mais sans doute plus difficile \u00e0 faire au vue du contexte. Pourquoi?<\/p>\n<p style=\"text-align: justify;\">Nous aborderons toutes ces questions dans l&rsquo;article suivant. En attendant je vous souhaite une excellente journ\u00e9e.<\/p>\n<p>Fred<br \/>\nPour moyenagepassion.com<br \/>\n<em><strong>A la d\u00e9couverte du monde m\u00e9di\u00e9val sous toutes ses formes.<\/strong><\/em><\/p>\n","protected":false},"excerpt":{"rendered":"<p>Sujet :\u00a0reconstitution historique, ch\u00e2teau, Cathares, catharisme, si\u00e8ge, Monts\u00e9gur, Albigeois, P\u00e9riode :\u00a0moyen-\u00e2ge central M\u00e9dia : vid\u00e9o-documentaire, mondes 3D, Des racines et des ailes, France 3. Production : IZIgraph Patrimoine Bonjour \u00e0 tous, ujourd&rsquo;hui, \u00e0 la faveur d&rsquo;une belle reconstitution 3D que nous devons \u00e0 la soci\u00e9t\u00e9 IZIgraph Patrimoine, nous abordons l&rsquo;histoire du ch\u00e2teau de Monts\u00e9gur assi\u00e9g\u00e9 &hellip; <a href=\"https:\/\/www.moyenagepassion.com\/index.php\/2016\/10\/31\/la-croisade-albigeoise-montsegur-haut-lieu-du-catharisme-1\/\" class=\"more-link\">Continuer la lecture de <span class=\"screen-reader-text\">La croisade albigeoise : Montsegur, haut lieu du Catharisme  (1)<\/span>  <span class=\"meta-nav\">&rarr;<\/span><\/a><\/p>\n","protected":false},"author":2,"featured_media":0,"comment_status":"open","ping_status":"open","sticky":false,"template":"","format":"standard","meta":{"_monsterinsights_skip_tracking":false,"_monsterinsights_sitenote_active":false,"_monsterinsights_sitenote_note":"","_monsterinsights_sitenote_category":0,"footnotes":""},"categories":[2,7,16],"tags":[49,1344,19,36,125,1872,474,1857,1867,1869,1871,1870,1866,1865,189,520,1863,287,1860,22,182,1858,18,85,1861,1868,1862,1864,261,1859],"class_list":["post-7928","post","type-post","status-publish","format-standard","hentry","category-chateau-forteresse-moyen-age-architecture-medievale","category-documentaire-moyen-age-historique","category-sources-et-articles-moyen-age-periode-medievale","tag-3d","tag-cathares","tag-chateau","tag-chateaux-forts","tag-chevalier","tag-chevaliers-faydits","tag-croisade","tag-croisade-albigeois","tag-dominique-de-guzman","tag-dossier-cathare","tag-faidiment","tag-faydits","tag-gregoire-ix","tag-guilhabert-de-castres","tag-histoire","tag-histoire-medievale","tag-hugues-des-arcis","tag-inquisition","tag-languedoc","tag-medievale","tag-monde-medieval","tag-montsegur","tag-moyen-age","tag-moyen-age-central","tag-pays-doc","tag-pierre-roger-de-mirepoix","tag-pog","tag-raymond-de-pereille","tag-reconstitution-historique","tag-siege-montsegur"],"aioseo_notices":[],"_links":{"self":[{"href":"https:\/\/www.moyenagepassion.com\/index.php\/wp-json\/wp\/v2\/posts\/7928"}],"collection":[{"href":"https:\/\/www.moyenagepassion.com\/index.php\/wp-json\/wp\/v2\/posts"}],"about":[{"href":"https:\/\/www.moyenagepassion.com\/index.php\/wp-json\/wp\/v2\/types\/post"}],"author":[{"embeddable":true,"href":"https:\/\/www.moyenagepassion.com\/index.php\/wp-json\/wp\/v2\/users\/2"}],"replies":[{"embeddable":true,"href":"https:\/\/www.moyenagepassion.com\/index.php\/wp-json\/wp\/v2\/comments?post=7928"}],"version-history":[{"count":1,"href":"https:\/\/www.moyenagepassion.com\/index.php\/wp-json\/wp\/v2\/posts\/7928\/revisions"}],"predecessor-version":[{"id":34139,"href":"https:\/\/www.moyenagepassion.com\/index.php\/wp-json\/wp\/v2\/posts\/7928\/revisions\/34139"}],"wp:attachment":[{"href":"https:\/\/www.moyenagepassion.com\/index.php\/wp-json\/wp\/v2\/media?parent=7928"}],"wp:term":[{"taxonomy":"category","embeddable":true,"href":"https:\/\/www.moyenagepassion.com\/index.php\/wp-json\/wp\/v2\/categories?post=7928"},{"taxonomy":"post_tag","embeddable":true,"href":"https:\/\/www.moyenagepassion.com\/index.php\/wp-json\/wp\/v2\/tags?post=7928"}],"curies":[{"name":"wp","href":"https:\/\/api.w.org\/{rel}","templated":true}]}}