{"id":8901,"date":"2016-12-07T01:28:25","date_gmt":"2016-12-07T00:28:25","guid":{"rendered":"http:\/\/www.moyenagepassion.com\/?p=8901"},"modified":"2022-07-08T01:07:31","modified_gmt":"2022-07-08T00:07:31","slug":"la-sagesse-de-lecole-de-salerne-et-la-medecine-du-moyen-age-central-heritiere-des-civilisations-mediterraneennes","status":"publish","type":"post","link":"https:\/\/www.moyenagepassion.com\/index.php\/2016\/12\/07\/la-sagesse-de-lecole-de-salerne-et-la-medecine-du-moyen-age-central-heritiere-des-civilisations-mediterraneennes\/","title":{"rendered":"La m\u00e9decine m\u00e9di\u00e9vale de l&rsquo;Ecole de Salerne, h\u00e9riti\u00e8re des civilisations m\u00e9diterran\u00e9ennes"},"content":{"rendered":"<div id=\"moyen-469033303\" class=\"moyen-before-content moyen-entity-placement\"><script async src=\"\/\/pagead2.googlesyndication.com\/pagead\/js\/adsbygoogle.js?client=ca-pub-3035390706780632\" crossorigin=\"anonymous\"><\/script><ins class=\"adsbygoogle\" style=\"display:block;\" data-ad-client=\"ca-pub-3035390706780632\" \ndata-ad-slot=\"\" \ndata-ad-format=\"auto\"><\/ins>\n<script> \n(adsbygoogle = window.adsbygoogle || []).push({}); \n<\/script>\n<\/div><p style=\"text-align: justify;\"><strong><img decoding=\"async\" class=\"alignleft wp-image-8966\" src=\"https:\/\/www.moyenagepassion.com\/wp-content\/uploads\/2016\/12\/medecine_medievale_ecole_salerne_science_savant_Regimen_Sanitatis.jpg\" alt=\"medecine_medievale_ecole_salerne_science_savant_Regimen_Sanitatis\" width=\"133\" height=\"159\" srcset=\"https:\/\/www.moyenagepassion.com\/wp-content\/uploads\/2016\/12\/medecine_medievale_ecole_salerne_science_savant_Regimen_Sanitatis.jpg 450w, https:\/\/www.moyenagepassion.com\/wp-content\/uploads\/2016\/12\/medecine_medievale_ecole_salerne_science_savant_Regimen_Sanitatis-250x300.jpg 250w\" sizes=\"(max-width: 133px) 100vw, 133px\" \/>Sujet :<\/strong>\u00a0m\u00e9decine, citations m\u00e9di\u00e9vales, \u00e9cole de Salerne, Europe m\u00e9di\u00e9vale, moyen-\u00e2ge, ouvrage ancien.<br \/>\n<strong>P\u00e9riode<\/strong>: moyen-\u00e2ge central (XI, XIIe si\u00e8cles)<br \/>\n<strong>Titre:<\/strong>\u00a0 l&rsquo;Ecole de Salerne (traduction de 1880)<br \/>\n<strong>Auteur :<\/strong> \u00a0collectif d&rsquo;auteurs anonymes<br \/>\n<strong>Traducteur :<\/strong> Charles Meaux Saint-Marc<\/p>\n<p style=\"text-align: justify;\"><a href=\"https:\/\/www.moyenagepassion.com\/wp-content\/uploads\/2016\/12\/ecole_salerne_citations_medievales_science_medecine_moyen-age.jpg\" target=\"_blank\" rel=\"noopener noreferrer\"><img decoding=\"async\" class=\"aligncenter wp-image-31545 size-full\" src=\"https:\/\/www.moyenagepassion.com\/wp-content\/uploads\/2016\/12\/ecole_salerne_citations_medievales_science_medecine_moyen-age-1024x610-s.jpg\" alt=\"\" width=\"720\" height=\"429\" srcset=\"https:\/\/www.moyenagepassion.com\/wp-content\/uploads\/2016\/12\/ecole_salerne_citations_medievales_science_medecine_moyen-age-1024x610-s.jpg 720w, https:\/\/www.moyenagepassion.com\/wp-content\/uploads\/2016\/12\/ecole_salerne_citations_medievales_science_medecine_moyen-age-1024x610-s-300x179.jpg 300w\" sizes=\"(max-width: 720px) 100vw, 720px\" \/><\/a><\/p>\n<p style=\"text-align: center;\"><span style=\"color: #008000;\"><em><strong>\u00ab\u00a0&#8211; Veux-tu jouir en paix d&rsquo;une sant\u00e9 prosp\u00e8re, <\/strong><\/em><\/span><br \/>\n<span style=\"color: #008000;\"><em><strong>Chasse les noirs soucis, fuis tout emportement ; <\/strong><\/em><\/span><br \/>\n<span style=\"color: #008000;\"><em><strong>Ne bois que peu de vin, soupe l\u00e9g\u00e8rement; <\/strong><\/em><\/span><br \/>\n<span style=\"color: #008000;\"><em><strong>Souviens-toi de marcher quand tu quittes la table; <\/strong><\/em><\/span><br \/>\n<span style=\"color: #008000;\"><em><strong>Du sommeil en plein jour crains l&rsquo;attrait redoutable ;\u00a0<\/strong><\/em><\/span><br \/>\n<span style=\"color: #008000;\"><em><strong>Crains en toi le s\u00e9jour de l&rsquo;urine et des vents. <\/strong><\/em><\/span><br \/>\n<span style=\"color: #008000;\"><em><strong>Fid\u00e8le \u00e0 ces conseils, tu vivras de longs ans. <\/strong><\/em><\/span><br \/>\n<span style=\"color: #008000;\"><em><strong>Es-tu sans m\u00e9decins? les meilleurs, je l&rsquo;atteste, <\/strong><\/em><\/span><br \/>\n<span style=\"color: #008000;\"><em><strong>Ce sont, crois-moi, repos, ga\u00eet\u00e9, repas modeste. \u00a0\u00bb<br \/>\n<\/strong><\/em><\/span><em><span style=\"color: #808080;\">D\u00e9dicace de l&rsquo;Ecole de Salerne au grand roi d&rsquo;Angleterre<\/span><\/em><br \/>\n<span style=\"color: #808080;\"> \u201cFlos medicinae vel regimen sanitatis salernitanum\u201d ou \u201cL\u2019Ecole de Salerne\u201d Traduction de Charles Meaux Saint-Marc (1880)<\/span><\/p>\n<p style=\"text-align: justify;\">Bonjour \u00e0 tous!<\/p>\n<p style=\"text-align: justify;\"><img decoding=\"async\" class=\"alignleft size-full wp-image-255\" src=\"https:\/\/www.moyenagepassion.com\/wp-content\/uploads\/2015\/12\/I_lettrine_moyen_age_passion-copia.jpg\" alt=\"I_lettrine_moyen_age_passion copia\" width=\"84\" height=\"103\" \/>l fut un temps o\u00f9 pour m\u00e9moriser les recettes, les prescriptions et les principes de la m\u00e9decine, on y m\u00ealait la po\u00e9sie, ou en tout cas les vers. De fait d&rsquo;Avicenne \u00e0 la prestigieuse Ecole de Salerne, nous sont parvenus de ces longs po\u00e8mes qui ont influenc\u00e9s, longtemps, la m\u00e9decine arabe, et apr\u00e8s elle la m\u00e9decine occidentale, du moyen-\u00e2ge central jusqu&rsquo;\u00e0 la fin de la renaissance. Les vers sont alors d&rsquo;un usage plus mn\u00e9motechnique que litt\u00e9raire pour pouvoir \u00eatre compris et assimil\u00e9s de tous, mais il est amusant de penser que dans cette forme de musicalit\u00e9, elle rejoignait alors une forme de po\u00e9sie pratique.<\/p>\n<p style=\"text-align: justify;\"><a href=\"https:\/\/www.moyenagepassion.com\/wp-content\/uploads\/2016\/12\/citations_medecine_medieval_science_ecole_salerne_moyen-age_central.jpg\"><img decoding=\"async\" class=\"alignnone size-full wp-image-8937\" src=\"https:\/\/www.moyenagepassion.com\/wp-content\/uploads\/2016\/12\/citations_medecine_medieval_science_ecole_salerne_moyen-age_central.jpg\" alt=\"citations_medecine_medieval_science_ecole_salerne_moyen-age_central\" width=\"613\" height=\"614\" srcset=\"https:\/\/www.moyenagepassion.com\/wp-content\/uploads\/2016\/12\/citations_medecine_medieval_science_ecole_salerne_moyen-age_central.jpg 613w, https:\/\/www.moyenagepassion.com\/wp-content\/uploads\/2016\/12\/citations_medecine_medieval_science_ecole_salerne_moyen-age_central-150x150.jpg 150w, https:\/\/www.moyenagepassion.com\/wp-content\/uploads\/2016\/12\/citations_medecine_medieval_science_ecole_salerne_moyen-age_central-300x300.jpg 300w\" sizes=\"(max-width: 613px) 100vw, 613px\" \/><\/a><\/p>\n<h2 style=\"text-align: justify;\">Les retomb\u00e9es culturelles, scientifiques,<br \/>\nm\u00e9dicales et inattendues des Croisades<\/h2>\n<p style=\"text-align: justify;\">Nous avons dit un mot ici des apports de la civilisation arabe sur la culture, autant que sur les pratiques philosophiques et scientifiques de l&rsquo;Europe m\u00e9di\u00e9vale (<a href=\"https:\/\/www.moyenagepassion.com\/index.php\/2016\/02\/13\/avicenne-brillant-esprit-savant-philosophe-et-medecin-du-xie-siecle\/\" target=\"_blank\" rel=\"noopener noreferrer\">voir portrait d&rsquo;Avicenne<\/a>). Quoiqu&rsquo;on en dise, les croisades fournirent une occasion de circulation des savoirs et dans l&rsquo;Histoire des civilisations qui entourent le berceau m\u00e9diterran\u00e9en, il semble \u00a0bien qu&rsquo;elles aient, \u00e0 leur mani\u00e8re, particip\u00e9 d&rsquo;une dynamique d&rsquo;\u00e9changes mais aussi de conqu\u00eates qui n&rsquo;a gu\u00e8re cess\u00e9 au fil des \u00e2ges, autour de notre m\u00e9diterran\u00e9e, et ce bien avant m\u00eame l&rsquo;\u00e9mergence des trois grands religions monoth\u00e9istes.<\/p>\n<p style=\"text-align: justify;\"><a href=\"https:\/\/www.moyenagepassion.com\/wp-content\/uploads\/2016\/12\/croisades_enluminures_medecine_medievale_science_arabe_juive_moyen-age.jpg\"><img decoding=\"async\" class=\"alignnone size-full wp-image-8938\" src=\"https:\/\/www.moyenagepassion.com\/wp-content\/uploads\/2016\/12\/croisades_enluminures_medecine_medievale_science_arabe_juive_moyen-age.jpg\" alt=\"croisades_enluminures_medecine_medievale_science_arabe_juive_moyen-age\" width=\"700\" height=\"417\" srcset=\"https:\/\/www.moyenagepassion.com\/wp-content\/uploads\/2016\/12\/croisades_enluminures_medecine_medievale_science_arabe_juive_moyen-age.jpg 700w, https:\/\/www.moyenagepassion.com\/wp-content\/uploads\/2016\/12\/croisades_enluminures_medecine_medievale_science_arabe_juive_moyen-age-300x179.jpg 300w\" sizes=\"(max-width: 700px) 100vw, 700px\" \/><\/a><\/p>\n<p style=\"text-align: justify;\">Bien avant la conversion de l&rsquo;Empire de C\u00e9sar au christianisme, l&rsquo;\u00e9pisode romain \u00a0illustre, de mani\u00e8re exemplaire, ce ph\u00e9nom\u00e8ne mais il est loin d&rsquo;avoir \u00e9t\u00e9 le seul, ni le premier\u00a0dans la r\u00e9gion. Quelles qu&rsquo;en soient les raisons, religieuses, politiques ou \u00e9conomiques, depuis des mill\u00e9naires les peuples m\u00e9diterran\u00e9ens ont guerroy\u00e9, commerc\u00e9, \u00e9chang\u00e9 et c&rsquo;est aussi de cela que nous sommes faits. A y regarder de plus pr\u00e8s et toute proportion gard\u00e9e, il n&rsquo;est d&rsquo;ailleurs pas certain que nous en ayons totalement fini avec ces luttes de pouvoir, m\u00eame si elles ont chang\u00e9 de visage. Bien s\u00fbr, concernant les sp\u00e9cificit\u00e9s du sol fran\u00e7ais \u00e0 travers l&rsquo;histoire, il a encore h\u00e9rit\u00e9 du souffle des vents du nord, celui des premiers vikings qui devinrent nos normands, celui des celtes et des francs qui vinrent aussi guerroyer <a href=\"https:\/\/www.moyenagepassion.com\/wp-content\/uploads\/2016\/12\/al-razi_medecine_arabe_juive_persane_moyen-age_ecole_salerne_influence_moyen-age_central.jpg\"><img decoding=\"async\" class=\"alignright wp-image-8942\" src=\"https:\/\/www.moyenagepassion.com\/wp-content\/uploads\/2016\/12\/al-razi_medecine_arabe_juive_persane_moyen-age_ecole_salerne_influence_moyen-age_central-264x300.jpg\" alt=\"al-razi_medecine_arabe_juive_persane_moyen-age_ecole_salerne_influence_moyen-age_central\" width=\"223\" height=\"253\" srcset=\"https:\/\/www.moyenagepassion.com\/wp-content\/uploads\/2016\/12\/al-razi_medecine_arabe_juive_persane_moyen-age_ecole_salerne_influence_moyen-age_central-264x300.jpg 264w, https:\/\/www.moyenagepassion.com\/wp-content\/uploads\/2016\/12\/al-razi_medecine_arabe_juive_persane_moyen-age_ecole_salerne_influence_moyen-age_central.jpg 800w\" sizes=\"(max-width: 223px) 100vw, 223px\" \/><\/a>ou s&rsquo;installer sur ces terres pour y fondre leur culture.<\/p>\n<p style=\"text-align: justify;\"><span style=\"color: #808080;\">Ci contre enluminure: le savant m\u00e9decin Al Razi repr\u00e9sent\u00e9 dans le Recueil des trait\u00e9s de M\u00e9decine de Gerard de \u00a0Cremone\u00a0 (1250\u20131260), c\u00e9l\u00e8bre traducteur m\u00e9di\u00e9val italien d&rsquo;Hippocrate, d&rsquo;Avicenne, d&rsquo;Al- Razi entre autres.\u00a0<\/span><\/p>\n<p style=\"text-align: justify;\">Quoiqu&rsquo;il en soit, pour revenir aux croisades, on leur accorde g\u00e9n\u00e9ralement d&rsquo;avoir ramen\u00e9 vers l&rsquo;Europe m\u00e9di\u00e9vale, par l&rsquo;Italie et notamment par les traductions des \u00e9rudits de Salerne, la m\u00e9decine et la science des arabes autant que leur amour de la philosophie grec et d&rsquo;Aristote. Au m\u00eame p\u00e9riode, ces exp\u00e9ditions catholiques ne furent pourtant pas les seules sources des \u00e9changes. Dans l&rsquo;autre sens, les conqu\u00eates de l&rsquo;Espagne par les arabes avaient d\u00e9j\u00e0 impuls\u00e9 des premiers transferts de savoir, et la m\u00e9decine juive s&rsquo;y exer\u00e7ait aussi, autant qu&rsquo;elle trouvait des foyers d&rsquo;\u00e9lection dans le sud de la France et la Provence. Il faut relire les pages de <em><strong>Jules Michelet <\/strong><\/em>et son <em><strong>histoire du moyen-\u00e2ge<\/strong><\/em>\u00a0sur le Languedoc m\u00e9di\u00e9val du XIIIe si\u00e8cle pour comprendre \u00e0 quel point ces terres \u00e9taient d\u00e9j\u00e0 riches d&rsquo;apports ethniques et culturels m\u00e9diterran\u00e9en au sens large. Dans le m\u00eame ordre d&rsquo;id\u00e9e, on peut encore\u00a0\u00e9voquer le\u00a0rayonnement et l&rsquo;ouverture de<em><strong> l&rsquo;Universit\u00e9 de Montpellier<\/strong> <\/em>sur le monde \u00e0 partir des XIe et XIIe si\u00e8cles, et jetant un \u0153il de l&rsquo;autre c\u00f4t\u00e9 du massif pyr\u00e9n\u00e9en et vers la p\u00e9ninsule ib\u00e9rique, il faut encore remarquer les \u0153uvres d&rsquo;un <em><strong>Alphonse de Castille<\/strong><\/em> qui, au XIIIe si\u00e8cle, avait r\u00e9uni autour de lui des savants et traducteurs de toutes les confessions: juive, musulmane et chr\u00e9tienne dans une belle dynamique culturelle d&rsquo;ouverture toute m\u00e9diterran\u00e9enne.<\/p>\n<h2 style=\"text-align: justify;\">L&rsquo;\u00e9cole de Salerne\u00a0ou la m\u00e9decine m\u00e9di\u00e9vale europ\u00e9enne au carrefour des influences<\/h2>\n<p style=\"text-align: justify;\">Pour revenir \u00e0 notre sujet, quand on parle de m\u00e9decine m\u00e9di\u00e9vale apr\u00e8s l&rsquo;an mille, on ne peut donc abstraire l&rsquo;influence juive, persane ou arabe, m\u00eame si l&rsquo;on s&rsquo;entend \u00e0 dire que ce sont plus ces deux derni\u00e8res qui marqueront de leur empreinte les universit\u00e9s naissantes dans l&rsquo;Europe m\u00e9di\u00e9vale des XIe si\u00e8cles et suivants. Il serait int\u00e9ressant de conna\u00eetre les apports mutuelles \u00e0 la gen\u00e8se des m\u00e9decines juives et arabes dans le temps et \u00e0 travers l&rsquo;Histoire, mais le sujet d\u00e9borde le cadre de cet article.<\/p>\n<figure id=\"attachment_8939\" aria-describedby=\"caption-attachment-8939\" style=\"width: 450px\" class=\"wp-caption aligncenter\"><a href=\"https:\/\/www.moyenagepassion.com\/wp-content\/uploads\/2016\/12\/medecine_medievale_mediterranee_ecole_salerne_science_moyen-age_conseil_medecine.jpg\"><img decoding=\"async\" class=\"wp-image-8939 size-full\" src=\"https:\/\/www.moyenagepassion.com\/wp-content\/uploads\/2016\/12\/medecine_medievale_mediterranee_ecole_salerne_science_moyen-age_conseil_medecine.jpg\" alt=\"medecine_medievale_mediterranee_ecole_salerne_science_moyen-age_conseil_medecine\" width=\"450\" height=\"346\" srcset=\"https:\/\/www.moyenagepassion.com\/wp-content\/uploads\/2016\/12\/medecine_medievale_mediterranee_ecole_salerne_science_moyen-age_conseil_medecine.jpg 450w, https:\/\/www.moyenagepassion.com\/wp-content\/uploads\/2016\/12\/medecine_medievale_mediterranee_ecole_salerne_science_moyen-age_conseil_medecine-300x231.jpg 300w\" sizes=\"(max-width: 450px) 100vw, 450px\" \/><\/a><figcaption id=\"caption-attachment-8939\" class=\"wp-caption-text\">Les apports de la m\u00e9decine perse et arabe en Europe m\u00e9di\u00e9vale<\/figcaption><\/figure>\n<p style=\"text-align: justify;\">Symbole de cette m\u00e9diterran\u00e9e culturelle, l&rsquo;<em><strong>Ecole de \u00a0Salerne<\/strong><\/em> fut dit-on fond\u00e9e par\u00a0le Grec Ponto, l\u2019Arabe Adela (ou Abdullah), le Juif Helinus, et le Latin Salernus. Voil\u00e0 un beau mythe fondateur pour qui r\u00eave de fraternit\u00e9 entre les peuples et pour qui douterait encore que les cultures quand elles se joignent dans un bel esprit collaboratif produisent un peu plus que la simple somme de leurs v\u00e9rit\u00e9s respectives. On ne date pas pr\u00e9cis\u00e9ment la cr\u00e9ation de cette Ecole, mais on sait que, d\u00e8s le IXe si\u00e8cle, elle commen\u00e7a \u00e0 dispenser des cours de m\u00e9decine pratique et m\u00eame de chirurgie, en s&rsquo;ouvrant \u00e0 des \u00e9tudiants de toutes confessions, venus des quatre coins du berceau m\u00e9diterran\u00e9en. Elle accueillera aussi des malades attir\u00e9s par sa r\u00e9putation et qui souhaitent b\u00e9n\u00e9ficier de soins.<\/p>\n<figure id=\"attachment_31543\" aria-describedby=\"caption-attachment-31543\" style=\"width: 700px\" class=\"wp-caption aligncenter\"><a href=\"https:\/\/www.moyenagepassion.com\/wp-content\/uploads\/2016\/12\/medecine_medievale_universite_europe_moyen-age_central_flos_medicinae.jpg\" target=\"_blank\" rel=\"noopener noreferrer\"><img decoding=\"async\" class=\"wp-image-31543 size-full\" src=\"https:\/\/www.moyenagepassion.com\/wp-content\/uploads\/2016\/12\/medecine_medievale_universite_europe_moyen-age_central_flos_medicinae-s.jpg\" alt=\"\" width=\"700\" height=\"620\" srcset=\"https:\/\/www.moyenagepassion.com\/wp-content\/uploads\/2016\/12\/medecine_medievale_universite_europe_moyen-age_central_flos_medicinae-s.jpg 700w, https:\/\/www.moyenagepassion.com\/wp-content\/uploads\/2016\/12\/medecine_medievale_universite_europe_moyen-age_central_flos_medicinae-s-300x266.jpg 300w\" sizes=\"(max-width: 700px) 100vw, 700px\" \/><\/a><figcaption id=\"caption-attachment-31543\" class=\"wp-caption-text\">L&rsquo;\u00e9cole de Salerne, miniature tir\u00e9 du Canon de M\u00e9decine d&rsquo;Avicenne, Ibn Sina<\/figcaption><\/figure>\n<p style=\"text-align: justify;\">A partir du XIe si\u00e8cle, l&rsquo;Ecole de Salerne entrera dans un \u00e2ge d&rsquo;or qui durera plus de sept cent ans. Comme nous l&rsquo;avons mentionn\u00e9 plus haut, cette impulsion sera due en grande partie \u00e0 l&rsquo;apport de la m\u00e9decine arabe. En l&rsquo;occurrence, on doit \u00e0\u00a0<em><strong>Constantin l&rsquo;Africain<\/strong><\/em>, un homme n\u00e9, sur le sol d&rsquo;Afrique du Nord et \u00e0 Carthage d&rsquo;avoir traduit les premiers ouvrages en latin. Ayant beaucoup voyag\u00e9, il arriva pr\u00e8s de Salerne vers la fin du XIe si\u00e8cle et, refusant la chaire que l&rsquo;Ecole lui offrit alors pour enseigner la m\u00e9decine, se fit moine aupr\u00e8s du monast\u00e8re b\u00e9n\u00e9dictin du Mont-Cassin situ\u00e9 non loin (lieu<br \/>\nqui n&rsquo;est autre que celui fond\u00e9 par <em><strong>Saint-Benoit<\/strong><\/em>\u00a0pour y \u00e9tablir son <img decoding=\"async\" class=\"alignright wp-image-8945\" src=\"https:\/\/www.moyenagepassion.com\/wp-content\/uploads\/2016\/12\/constantin_africain_medecine_europe_medievale_ecole_salerne_influences_perse_juive_arabe_moyen-age_central-224x300.jpg\" alt=\"constantin_africain_medecine_europe_medievale_ecole_salerne_influences_perse_juive_arabe_moyen-age_central\" width=\"199\" height=\"267\" srcset=\"https:\/\/www.moyenagepassion.com\/wp-content\/uploads\/2016\/12\/constantin_africain_medecine_europe_medievale_ecole_salerne_influences_perse_juive_arabe_moyen-age_central-224x300.jpg 224w, https:\/\/www.moyenagepassion.com\/wp-content\/uploads\/2016\/12\/constantin_africain_medecine_europe_medievale_ecole_salerne_influences_perse_juive_arabe_moyen-age_central.jpg 450w\" sizes=\"(max-width: 199px) 100vw, 199px\" \/>ordre en 529).<\/p>\n<p style=\"text-align: justify;\"><span style=\"color: #808080;\">(ci-contre reproduction non dat\u00e9e d&rsquo;une miniature m\u00e9di\u00e9vale de Constantin l&rsquo;Africain, artiste anonyme, \u00a0domaine public)<\/span><\/p>\n<p style=\"text-align: justify;\"><span style=\"color: #333333;\">Dans les ann\u00e9es qui suivirent, <em><strong>Constantin l&rsquo;Africain<\/strong> <\/em>gratifia l&rsquo;Ecole de Salerne \u00a0de trait\u00e9s et ouvrages de m\u00e9decine qu&rsquo;il r\u00e9digea alors. Ceux-ci firent autorit\u00e9, et dit-on, la gloire du moine, qui dura plus de quarante ans. Moins d&rsquo;un demi-si\u00e8cle plus tard, on se rendit compte en traduisant des ouvrages de r\u00e9f\u00e9rences de la m\u00e9decine arabe que ce dernier en avait \u00e9t\u00e9 le traducteur, plus que l&rsquo;auteur. L&rsquo;influence \u00e9tait donc d\u00e9j\u00e0 sign\u00e9e, on en avait simplement retrouv\u00e9 les auteurs originaux. Les ouvrages \u00a0du b\u00e9n\u00e9dictin resteront de grande importance mais seront bient\u00f4t supplant\u00e9s, entre autres r\u00e9f\u00e9rences, par l&rsquo;incontournable C<em><strong>anon Medicinae, d&rsquo;Avicenne<\/strong><\/em>.<\/span><\/p>\n<p style=\"text-align: justify;\"><a href=\"https:\/\/www.moyenagepassion.com\/wp-content\/uploads\/2016\/12\/citations_science_medecine_medievale_avicenne_ibn_sina_medecine_arabe_ecole_salerne_moyen-age_central.jpg\"><img decoding=\"async\" class=\"alignnone wp-image-8941 size-full\" src=\"https:\/\/www.moyenagepassion.com\/wp-content\/uploads\/2016\/12\/citations_science_medecine_medievale_avicenne_ibn_sina_medecine_arabe_ecole_salerne_moyen-age_central.jpg\" alt=\"citations_science_medecine_medievale_avicenne_ibn_sina_medecine_arabe_ecole_salerne_moyen-age_central\" width=\"1024\" height=\"500\" srcset=\"https:\/\/www.moyenagepassion.com\/wp-content\/uploads\/2016\/12\/citations_science_medecine_medievale_avicenne_ibn_sina_medecine_arabe_ecole_salerne_moyen-age_central.jpg 1024w, https:\/\/www.moyenagepassion.com\/wp-content\/uploads\/2016\/12\/citations_science_medecine_medievale_avicenne_ibn_sina_medecine_arabe_ecole_salerne_moyen-age_central-300x146.jpg 300w\" sizes=\"(max-width: 1024px) 100vw, 1024px\" \/><\/a><\/p>\n<h2 style=\"text-align: left;\"><strong>Flos medicinae<br \/>\nvel regimen sanitatis salernitanum<\/strong><\/h2>\n<p style=\"text-align: justify;\"><strong><em><span style=\"color: #008000;\">\u00ab\u00a0Lecteur, tu d\u00e9sirais cette Fleur M\u00e9dicale:<\/span><\/em><\/strong><br \/>\n<strong><em><span style=\"color: #008000;\">Que d&rsquo;elle, pour toujours, un doux parfum s&rsquo;exhale.\u00a0\u00bb<br \/>\n<\/span><\/em><\/strong><span style=\"color: #808080;\">Epigraphe du Flos Medicinae ou Fleur m\u00e9dicinale<br \/>\nde l&rsquo;Ecole de Salerne<\/span><\/p>\n<p style=\"text-align: justify;\">Par la suite, des nombreux \u00e9crits et traductions que Salerne l\u00e9gua \u00e0 l&rsquo;occident m\u00e9di\u00e9val et qui furent diffus\u00e9s en direction des Ecoles et universit\u00e9s de l&rsquo;Europe d&rsquo;alors, l&rsquo;un des plus populaires, sur le terrain de la m\u00e9decine, fut sans doute le <em><strong>Flos medicinae vel regimen sanitatis salernitanum<\/strong><\/em>. C&rsquo;est un ouvrage collectif \u00e9crit en vers et en latin, que l&rsquo;on pr\u00eatait quelquefois originellement \u00e0 un auteur du nom de Jean de Milan et qui se pr\u00e9sente comme un v\u00e9ritable bible de m\u00e9decine pratique, en vers. Il fut une des grandes r\u00e9f\u00e9rences de l&rsquo;Ecole de Salerne, et son succ\u00e8s a litt\u00e9ralement travers\u00e9 les si\u00e8cles pour \u00eatre encore, jusqu&rsquo;\u00e0 la fin\u00a0de la Renaissance, un texte consid\u00e9r\u00e9 comme fondamental dans l&rsquo;art d&rsquo;exercer la m\u00e9decine. Pour en donner la mesure, et m\u00eame s&rsquo;il\u00a0date des XIe, XIe si\u00e8cles, entre le XVe et le\u00a0milieu du XIXe si\u00e8cle, on en compte plus de 240 \u00e9ditions, Il sera notamment abondamment comment\u00e9 au XIIIe si\u00e8cle par le c\u00e9l\u00e8bre m\u00e9decin catalan <strong>Arnaud de Villeneuve<\/strong> (Arnau de Vilanova)(1240-1311) sous le simple titre de <em><strong>Regimen Sanitatis.<\/strong><\/em>\u00a0\u00c9l\u00e8ve lui-m\u00eame de l&rsquo;\u00e9cole de Salerne et de l&rsquo;universit\u00e9 de Montpellier, l&rsquo;\u00e9dition qu&rsquo;il en fit connut une grande popularit\u00e9 et contribua encore \u00e0 la propagation de ce savoir.<\/p>\n<p style=\"text-align: justify;\"><strong>_________________________________________________________________<br \/>\nUn long apprentissage pour une profession risqu\u00e9e<\/strong><\/p>\n<p style=\"text-align: justify;\"><a href=\"https:\/\/www.moyenagepassion.com\/wp-content\/uploads\/2016\/12\/medecine_science_medievale_ecole_salerne_moyen-age_medicale_europeen_mediterraneen.jpg\"><img decoding=\"async\" class=\"alignright wp-image-8959\" src=\"https:\/\/www.moyenagepassion.com\/wp-content\/uploads\/2016\/12\/medecine_science_medievale_ecole_salerne_moyen-age_medicale_europeen_mediterraneen.jpg\" alt=\"medecine_science_medievale_ecole_salerne_moyen-age_medicale_europeen_mediterraneen\" width=\"187\" height=\"460\" srcset=\"https:\/\/www.moyenagepassion.com\/wp-content\/uploads\/2016\/12\/medecine_science_medievale_ecole_salerne_moyen-age_medicale_europeen_mediterraneen.jpg 380w, https:\/\/www.moyenagepassion.com\/wp-content\/uploads\/2016\/12\/medecine_science_medievale_ecole_salerne_moyen-age_medicale_europeen_mediterraneen-122x300.jpg 122w\" sizes=\"(max-width: 187px) 100vw, 187px\" \/><\/a>Pour l&rsquo;anecdote, ajoutons que, d\u00e8s le XIIe si\u00e8cle, il fallait plus de huit ans pour faire un m\u00e9decin \u00e0 Salerne: \u00e0 trois ann\u00e9es initiales de philosophie et de logique, viennent en effet s&rsquo;ajouter cinq ans de m\u00e9decine pratique et th\u00e9orique, incluant la chirurgie. M\u00eame si l&rsquo;\u00e9volution de la science m\u00e9dicale a alors de beaux jours devant elle,\u00a0cela permet tout de m\u00eame de mesurer le s\u00e9rieux que l&rsquo;on conf\u00e9rait d\u00e9j\u00e0 \u00e0 l&rsquo;exercice de la m\u00e9decine.<\/p>\n<p style=\"text-align: justify;\">La profession n&rsquo;en est pas pour autant, d\u00e9nu\u00e9e de risque puisque le moyen-\u00e2ge conna\u00eetra quelques m\u00e9decins ainsi form\u00e9s, ex\u00e9cut\u00e9s ou br\u00fbl\u00e9s pour n&rsquo;avoir pas r\u00e9ussi \u00e0 soigner de haut dignitaires religieux ou politiques un peu chatouilleux. D&rsquo;autres encore furent\u00a0m\u00eame jet\u00e9s en prison, apr\u00e8s coup, bien que les ayant soign\u00e9. C&rsquo;est le cas entre autre d&rsquo;Arnaud de Villeneuve qui \u00e9chappa de peu au B\u00fbcher pour certaines de ses prises de position autant que pour sa pratique, bien qu&rsquo;il avait soign\u00e9 le pape Boniface VIII. Il fut d&rsquo;ailleurs sauv\u00e9 de justesse par ce dernier.\u00a0L&rsquo;utilisation que les m\u00e9decins font alors de l&rsquo;Astrologie ou de certaines pratiques rituelles\u00a0pas toujours intelligibles du point de vue chr\u00e9tien, ont souvent \u00e9t\u00e9 la source de controverses dont ils ont fait les frais, en se retrouvant frapp\u00e9s d&rsquo;h\u00e9r\u00e9sie.<br \/>\n<strong>_________________________________________________________________<\/strong><\/p>\n<p style=\"text-align: justify;\">Concernant cet ouvrage et pour en conclure, nous vous proposons de le d\u00e9couvrir, par petites touches, en en tirant des citations, issues\u00a0d&rsquo;une version traduite en vers fran\u00e7ais de\u00a0la version originale de l&rsquo;Ecole de Salerne et datant de la fin du XIXe si\u00e8cle. Nous esp\u00e9rons que vous saurez appr\u00e9cier cette m\u00e9decine non d\u00e9nu\u00e9e de sagesse et qui nous vient tout droit du monde m\u00e9di\u00e9val. Et m\u00eame si par\u00a0instants, elle prendra ind\u00e9niablement dans ses tournures quelques tours d\u00e9suets, vous y constaterez s\u00fbrement, avec de nombreux autres auteurs, que les trait\u00e9s d&rsquo;hygi\u00e8ne moderne et m\u00eame certaines formes de m\u00e9decine hygi\u00e9nistes ou naturelles actuelles en reprennent les principes, en en ayant souvent oubli\u00e9 les lointaines origines.<\/p>\n<p style=\"text-align: justify;\">En vous souhaitant une tr\u00e8s belle journ\u00e9e!<br \/>\nFred<br \/>\nPour moyenagepassion.com<br \/>\n<em><strong>A la d\u00e9couverte du monde m\u00e9di\u00e9val sous toutes ses formes.<\/strong><\/em><\/p>\n","protected":false},"excerpt":{"rendered":"<p>Sujet :\u00a0m\u00e9decine, citations m\u00e9di\u00e9vales, \u00e9cole de Salerne, Europe m\u00e9di\u00e9vale, moyen-\u00e2ge, ouvrage ancien. P\u00e9riode: moyen-\u00e2ge central (XI, XIIe si\u00e8cles) Titre:\u00a0 l&rsquo;Ecole de Salerne (traduction de 1880) Auteur : \u00a0collectif d&rsquo;auteurs anonymes Traducteur : Charles Meaux Saint-Marc \u00ab\u00a0&#8211; Veux-tu jouir en paix d&rsquo;une sant\u00e9 prosp\u00e8re, Chasse les noirs soucis, fuis tout emportement ; Ne bois que peu &hellip; <a href=\"https:\/\/www.moyenagepassion.com\/index.php\/2016\/12\/07\/la-sagesse-de-lecole-de-salerne-et-la-medecine-du-moyen-age-central-heritiere-des-civilisations-mediterraneennes\/\" class=\"more-link\">Continuer la lecture de <span class=\"screen-reader-text\">La m\u00e9decine m\u00e9di\u00e9vale de l&rsquo;Ecole de Salerne, h\u00e9riti\u00e8re des civilisations m\u00e9diterran\u00e9ennes<\/span>  <span class=\"meta-nav\">&rarr;<\/span><\/a><\/p>\n","protected":false},"author":2,"featured_media":0,"comment_status":"open","ping_status":"open","sticky":false,"template":"","format":"standard","meta":{"_monsterinsights_skip_tracking":false,"_monsterinsights_sitenote_active":false,"_monsterinsights_sitenote_note":"","_monsterinsights_sitenote_category":0,"footnotes":""},"categories":[154,2174,3],"tags":[2009,529,155,429,2001,1999,1998,2002,189,520,2006,2008,83,2004,2005,679,2007,22,182,18,85,2003,165,507,2000],"class_list":["post-8901","post","type-post","status-publish","format-standard","hentry","category-citations-moyen-age-medievales","category-medecine-medievale","category-livre-moyen-age-medieval-fantaisie","tag-al-razi","tag-avicenne","tag-citation","tag-citations-medievales","tag-constantin-lafricain","tag-ecole-de-salerne","tag-europe-medievale","tag-flos-medicinae","tag-histoire","tag-histoire-medievale","tag-histoire-mediterraneenne","tag-ibs-sina","tag-medecine","tag-medecine-arabe","tag-medecine-juive","tag-medecine-medievale","tag-medecins","tag-medievale","tag-monde-medieval","tag-moyen-age","tag-moyen-age-central","tag-regimen-sanitatis-salernitanum","tag-sagesse","tag-science","tag-universites-medievales"],"aioseo_notices":[],"_links":{"self":[{"href":"https:\/\/www.moyenagepassion.com\/index.php\/wp-json\/wp\/v2\/posts\/8901"}],"collection":[{"href":"https:\/\/www.moyenagepassion.com\/index.php\/wp-json\/wp\/v2\/posts"}],"about":[{"href":"https:\/\/www.moyenagepassion.com\/index.php\/wp-json\/wp\/v2\/types\/post"}],"author":[{"embeddable":true,"href":"https:\/\/www.moyenagepassion.com\/index.php\/wp-json\/wp\/v2\/users\/2"}],"replies":[{"embeddable":true,"href":"https:\/\/www.moyenagepassion.com\/index.php\/wp-json\/wp\/v2\/comments?post=8901"}],"version-history":[{"count":3,"href":"https:\/\/www.moyenagepassion.com\/index.php\/wp-json\/wp\/v2\/posts\/8901\/revisions"}],"predecessor-version":[{"id":45195,"href":"https:\/\/www.moyenagepassion.com\/index.php\/wp-json\/wp\/v2\/posts\/8901\/revisions\/45195"}],"wp:attachment":[{"href":"https:\/\/www.moyenagepassion.com\/index.php\/wp-json\/wp\/v2\/media?parent=8901"}],"wp:term":[{"taxonomy":"category","embeddable":true,"href":"https:\/\/www.moyenagepassion.com\/index.php\/wp-json\/wp\/v2\/categories?post=8901"},{"taxonomy":"post_tag","embeddable":true,"href":"https:\/\/www.moyenagepassion.com\/index.php\/wp-json\/wp\/v2\/tags?post=8901"}],"curies":[{"name":"wp","href":"https:\/\/api.w.org\/{rel}","templated":true}]}}