{"id":9721,"date":"2017-01-11T04:14:44","date_gmt":"2017-01-11T03:14:44","guid":{"rendered":"http:\/\/www.moyenagepassion.com\/?p=9721"},"modified":"2020-10-05T00:30:18","modified_gmt":"2020-10-04T23:30:18","slug":"lhistoire-des-couleurs-par-michel-pastoureau-rouge-sang-rouge-feu-rouge-passion","status":"publish","type":"post","link":"https:\/\/www.moyenagepassion.com\/index.php\/2017\/01\/11\/lhistoire-des-couleurs-par-michel-pastoureau-rouge-sang-rouge-feu-rouge-passion\/","title":{"rendered":"L&rsquo;histoire des couleurs par Michel Pastoureau: rouge sang, rouge feu, rouge passion"},"content":{"rendered":"<div id=\"moyen-1491525194\" class=\"moyen-before-content moyen-entity-placement\"><script async src=\"\/\/pagead2.googlesyndication.com\/pagead\/js\/adsbygoogle.js?client=ca-pub-3035390706780632\" crossorigin=\"anonymous\"><\/script><ins class=\"adsbygoogle\" style=\"display:block;\" data-ad-client=\"ca-pub-3035390706780632\" \ndata-ad-slot=\"\" \ndata-ad-format=\"auto\"><\/ins>\n<script> \n(adsbygoogle = window.adsbygoogle || []).push({}); \n<\/script>\n<\/div><p style=\"text-align: justify;\"><strong><a href=\"https:\/\/www.moyenagepassion.com\/wp-content\/uploads\/2017\/01\/conference_monde_medieval_couleurs_symbolique_moyen-age_michel_pastoureau.jpg\"><img decoding=\"async\" class=\"wp-image-9756 alignleft\" src=\"https:\/\/www.moyenagepassion.com\/wp-content\/uploads\/2017\/01\/conference_monde_medieval_couleurs_symbolique_moyen-age_michel_pastoureau.jpg\" alt=\"conference_monde_medieval_couleurs_symbolique_moyen-age_michel_pastoureau\" width=\"94\" height=\"188\" srcset=\"https:\/\/www.moyenagepassion.com\/wp-content\/uploads\/2017\/01\/conference_monde_medieval_couleurs_symbolique_moyen-age_michel_pastoureau.jpg 160w, https:\/\/www.moyenagepassion.com\/wp-content\/uploads\/2017\/01\/conference_monde_medieval_couleurs_symbolique_moyen-age_michel_pastoureau-150x300.jpg 150w\" sizes=\"(max-width: 94px) 100vw, 94px\" \/><\/a>Sujet<\/strong> : couleur, symbolique, moyen-\u00e2ge, cat\u00e9gorie cognitive et\u00a0sociale, anthropologie, histoire m\u00e9di\u00e9vale, histoire des couleurs.<br \/>\n<strong>P\u00e9riode<\/strong> : de l\u2019antiquit\u00e9 \u00e0 nos jours<br \/>\n<strong>M\u00e9dia<\/strong> : \u00e9mission radio,\u00a0livre, \u00ab\u00a0conf\u00e9rence\u00a0\u00bb<br \/>\n<strong>Auteur<\/strong> : Michel Pastoureau<br \/>\n<strong>Titre<\/strong> : \u00ab\u00a0Des go\u00fbts et des couleurs : le rouge\u00bb<br \/>\n<strong>Radio<\/strong> : <a href=\"https:\/\/www.franceculture.fr\/\" target=\"_blank\" rel=\"noopener noreferrer\">France Culture<\/a>, Hors Champs, Laure Adler<\/p>\n<p style=\"text-align: justify;\"><em><strong><span style=\"color: #008000;\">\u00ab\u00a0On ignore encore tout de l&rsquo;usage que les hommes pr\u00e9historiques faisaient de l&rsquo;ocre et autres colorants, mais on peut aller jusqu&rsquo;\u00e0 imaginer, sur la foi des documents ult\u00e9rieurs, que, comme \u00e0 partir de 35000 les Aurignaciens, ils cr\u00e9aient des formes, symbolisaient le sang et la vie avec le rouge, disposaient des diff\u00e9rentes teintes pour leur d\u00e9coration corporelle\u00a0\u00bb<\/span><\/strong><\/em><br \/>\nEmmanuel Leroi-Gourhan<\/p>\n<p style=\"text-align: justify;\">Bonjour \u00e0 tous,<\/p>\n<p style=\"text-align: justify;\"><img decoding=\"async\" class=\"alignleft size-full wp-image-162\" src=\"https:\/\/www.moyenagepassion.com\/wp-content\/uploads\/2015\/12\/N_lettrine_moyen_age_passion.jpg\" alt=\"N_lettrine_moyen_age_passion\" width=\"84\" height=\"103\" \/>ous publions aujourd&rsquo;hui la deuxi\u00e8me vid\u00e9o du cycle de France Culture d\u00e9di\u00e9 \u00e0 <a href=\"https:\/\/www.moyenagepassion.com\/index.php\/2016\/11\/22\/la-popularite-medievale-des-legendes-arthuriennes-et-ses-heros-une-conference-michel-pastoureau\/\" target=\"_blank\" rel=\"noopener noreferrer\">Michel Pastoureau<\/a> et son histoire des couleurs. L&rsquo;entretien, men\u00e9 par Laure Adler,\u00a0traite cette fois-ci du rouge et fait suite \u00e0 l&rsquo;<a href=\"https:\/\/www.moyenagepassion.com\/index.php\/2016\/12\/27\/les-couleurs-du-moyen-age-par-michel-pastoureau-le-bleu\/\" target=\"_blank\" rel=\"noopener noreferrer\">histoire du bleu<\/a>.<\/p>\n<p style=\"text-align: justify;\"><a href=\"https:\/\/www.moyenagepassion.com\/wp-content\/uploads\/2017\/01\/histoire_couleur_rouge_moyen-age_conference_monde_medieval_michel_pastoureau.jpg\"><img decoding=\"async\" class=\"alignright wp-image-9724\" src=\"https:\/\/www.moyenagepassion.com\/wp-content\/uploads\/2017\/01\/histoire_couleur_rouge_moyen-age_conference_monde_medieval_michel_pastoureau.jpg\" alt=\"histoire_couleur_rouge_moyen-age_conference_monde_medieval_michel_pastoureau\" width=\"134\" height=\"212\" srcset=\"https:\/\/www.moyenagepassion.com\/wp-content\/uploads\/2017\/01\/histoire_couleur_rouge_moyen-age_conference_monde_medieval_michel_pastoureau.jpg 285w, https:\/\/www.moyenagepassion.com\/wp-content\/uploads\/2017\/01\/histoire_couleur_rouge_moyen-age_conference_monde_medieval_michel_pastoureau-190x300.jpg 190w\" sizes=\"(max-width: 134px) 100vw, 134px\" \/><\/a>Le rouge est parmi les premi\u00e8res des couleurs que l&rsquo;homme a su fixer et teindre. On la retrouve \u00a0d\u00e9j\u00e0 \u00a0\u00e0 la pr\u00e9histoire avec les empreintes de main dans des centaines de cavernes et de grottes de par le monde et elle est alors obtenue \u00e0 partir d&rsquo;ocre m\u00eal\u00e9\u00a0d&rsquo;oxydes de fer.<\/p>\n<p style=\"text-align: justify;\"><span style=\"color: #808080;\">(ci-contre portrait de Michel Pastoureau, historien m\u00e9di\u00e9viste)<\/span><\/p>\n<h2 style=\"text-align: justify;\">La symbolique du rouge \u00e0 travers les \u00e2ges<\/h2>\n<p style=\"text-align: justify;\"><strong><em><span style=\"color: #008000;\">\u00ab\u00a0Contrairement \u00e0 ce timor\u00e9 de bleu, le rouge, lui, est une couleur orgueilleuse, p\u00e9trie d&rsquo;ambition et assoiff\u00e9e de pouvoir, une couleur qui veut se faire voir et qui est bien d\u00e9cid\u00e9e \u00e0 en imposer \u00e0 toutes les autres. M\u00e9fiez-vous de lui : cette couleur-l\u00e0 cache sa duplicit\u00e9. Elle est fascinante, et br\u00fblante comme les flammes de Satan.\u00a0\u00bb<\/span><br \/>\n<\/em><\/strong>Michel Pastoureau &#8211; Couleurs, le grand livre<\/p>\n<p style=\"text-align: justify;\"><img decoding=\"async\" class=\"alignleft size-full wp-image-50\" src=\"https:\/\/www.moyenagepassion.com\/wp-content\/uploads\/2015\/12\/D_lettrine_moyen_age_passion.jpg\" alt=\"D_lettrine_moyen_age_passion\" width=\"84\" height=\"103\" \/>epuis la protohistoire et \u00e0 l&rsquo;image du bleu, le rouge en occident a connu une histoire changeante au niveau symbolique. Couleur politique du XXe o\u00f9 quand aimer le rouge \u00e9tait l&rsquo;expression d&rsquo;une conviction politique et plus\u00a0seulement un go\u00fbt personnel, on apprend encore que, pendant une longue p\u00e9riode et jusqu&rsquo;au XIIIe si\u00e8cle, qui consacrera le mariage chr\u00e9tien et l&rsquo;importance d&rsquo;afficher sa virginit\u00e9, la mari\u00e9e, n&rsquo;\u00e9tait ni en blanc, ni en noir, mais en rouge. Rouge de tous les possibles, cette couleur fut encore \u00e0 travers les \u00e2ges le r\u00e9ceptacle de bien d&rsquo;autres symboles: danger, guerre, f\u00eate, amour passion, sexualit\u00e9 transgressive, couleur du sang, du mal ou du bien, couleur du feu purificateur de l&rsquo;esprit sain\u00a0ou du feu destructeur des enfers, la beaut\u00e9, la col\u00e8re&#8230;<a href=\"https:\/\/www.moyenagepassion.com\/wp-content\/uploads\/2017\/01\/rouge_danger_humour_histoire_pprehistoire_couleur_michel_pastoureau.jpg\"><img decoding=\"async\" class=\"alignright wp-image-9747\" src=\"https:\/\/www.moyenagepassion.com\/wp-content\/uploads\/2017\/01\/rouge_danger_humour_histoire_pprehistoire_couleur_michel_pastoureau.jpg\" alt=\"rouge_danger_humour_histoire_pprehistoire_couleur_michel_pastoureau\" width=\"173\" height=\"256\" srcset=\"https:\/\/www.moyenagepassion.com\/wp-content\/uploads\/2017\/01\/rouge_danger_humour_histoire_pprehistoire_couleur_michel_pastoureau.jpg 250w, https:\/\/www.moyenagepassion.com\/wp-content\/uploads\/2017\/01\/rouge_danger_humour_histoire_pprehistoire_couleur_michel_pastoureau-203x300.jpg 203w\" sizes=\"(max-width: 173px) 100vw, 173px\" \/><\/a>\u00a0Combien de sens changeants pour ce rouge, dont la charge puissante ne se d\u00e9mentira pas et qui, \u00e0 travers les \u00e9poques, passera encore sans complexe de l&rsquo;homme guerrier \u00e0 la femme fatale?<\/p>\n<p style=\"text-align: justify;\"><span style=\"color: #808080;\">(ci contre main pr\u00e9historique de la grotte du Pech Merle, Lot, -25000 ans l\u00e9g\u00e8rement d\u00e9tourn\u00e9e par nos soins, pardon pas pu r\u00e9sister. En m\u00eame temps rouge danger donc bon&#8230;)<\/span><\/p>\n<p style=\"text-align: justify;\">Avec cette couleur \u00a0\u00e0 la grande \u00e9lasticit\u00e9 symbolique et dont l&rsquo;\u00e9motionnel semble parfois rester la seule constante (on en rougirait presque), se trouve pos\u00e9 bien clairement l&rsquo;impossibilit\u00e9\u00a0de chercher des sens fig\u00e9s associ\u00e9s aux couleurs sans les mettre en perspective historique, (\u00e7a on l&rsquo;avait d\u00e9j\u00e0 compris) mais encore les difficult\u00e9s qui subsistent, au del\u00e0 m\u00eame de l&rsquo;analyse historique, \u00e0 les enfermer dans des d\u00e9finitions symboliques \u00e9triqu\u00e9es et simplistes. Et ce n&rsquo;est peut-\u00eatre pas par hasard si ce rouge qui coule jusque dans nos veines\u00a0est aujourd&rsquo;hui encore charg\u00e9e de connotations complexes comme si elle contenait en elle un potentiel tout \u00e0 la fois sacr\u00e9 et interdit, pr\u00eat \u00e0 exploser \u00e0 chaque instant.<\/p>\n<p style=\"text-align: left;\"><code><iframe src=\"https:\/\/www.franceculture.fr\/player\/export-reecouter?content=9d092c36-40ab-11e3-af2e-782bcb73ed47\" width=\"481\" height=\"137\" scrolling=\"no\"><\/iframe><br \/>\n<span style=\"text-decoration: underline;\"><span style=\"color: #808080;\"><a style=\"color: #808080; text-decoration: underline;\" href=\"https:\/\/www.franceculture.fr\/emissions\/hors-champs\/des-gouts-et-des-couleurs-avec-michel-pastoureau-le-rouge-25\" target=\"_blank\" rel=\"noopener noreferrer\">Lien vers le m\u00eame podcast sur le site de France Culture<\/a><\/span><\/span><\/code><\/p>\n<h2 style=\"text-align: left;\">Rubia tinctorum. La garance des teinturiers<\/h2>\n<p style=\"text-align: justify;\"><span style=\"color: #008000;\"><strong><em>Les lois font les bagnes, les moeurs font les lupanars. La lumi\u00e8re cr\u00e9e le peuple, la nuit enfante la pl\u00e8be. La veste rouge du for\u00e7at est taill\u00e9e dans la robe rouge du juge.\u201d \u00a0 \u00a0 \u00a0 \u00a0 \u00a0 \u00a0 \u00a0 \u00a0 \u00a0 \u00a0 \u00a0 \u00a0 \u00a0 \u00a0 \u00a0 \u00a0 \u00a0 \u00a0 \u00a0 \u00a0 \u00a0 \u00a0 \u00a0 \u00a0 \u00a0 \u00a0 \u00a0 \u00a0 \u00a0 \u00a0 \u00a0 \u00a0 \u00a0 \u00a0 \u00a0<\/em><\/strong><\/span>Victor Hugo<\/p>\n<p style=\"text-align: justify;\"><img decoding=\"async\" class=\"alignleft size-full wp-image-36\" src=\"https:\/\/www.moyenagepassion.com\/wp-content\/uploads\/2015\/12\/C_lettrine_moyen_age_passion.jpg\" alt=\"C_lettrine_moyen_age_passion\" width=\"84\" height=\"103\" \/>onnu depuis l&rsquo;antiquit\u00e9, on utilisait d\u00e9j\u00e0 les racines et les rizhomes de la garance en Egypte, 1500 ans avant notre \u00e8re et elle \u00e9tait aussi connue des grecs et des romains. En France, elle fut cultiv\u00e9e de mani\u00e8re intensive jusqu&rsquo;\u00e0 l&rsquo;extraction au <a href=\"https:\/\/www.moyenagepassion.com\/wp-content\/uploads\/2017\/01\/rubia_tinctorum_garance_teinture_medievale_histoire_couleurs_michel_pastoureau_moyen-age.jpg\"><img decoding=\"async\" class=\"alignright wp-image-9742\" src=\"https:\/\/www.moyenagepassion.com\/wp-content\/uploads\/2017\/01\/rubia_tinctorum_garance_teinture_medievale_histoire_couleurs_michel_pastoureau_moyen-age.jpg\" alt=\"rubia_tinctorum_garance_teinture_medievale_histoire_couleurs_michel_pastoureau_moyen-age\" width=\"163\" height=\"242\" srcset=\"https:\/\/www.moyenagepassion.com\/wp-content\/uploads\/2017\/01\/rubia_tinctorum_garance_teinture_medievale_histoire_couleurs_michel_pastoureau_moyen-age.jpg 220w, https:\/\/www.moyenagepassion.com\/wp-content\/uploads\/2017\/01\/rubia_tinctorum_garance_teinture_medievale_histoire_couleurs_michel_pastoureau_moyen-age-202x300.jpg 202w\" sizes=\"(max-width: 163px) 100vw, 163px\" \/><\/a>d\u00e9but du XIXe si\u00e8cle et en 1835 de son compos\u00e9 chimique: l&rsquo;alizarine, qui en supplanta l&rsquo;utilisation, progressivement.<\/p>\n<p style=\"text-align: justify;\">Au moyen-\u00e2ge, pour obtenir le rouge, on connaissait aussi\u00a0l&rsquo;usage en teinture de la cochenille et \u00a0du\u00a0<span lang=\"la\">Kermes vermilio, insecte que l&rsquo;on r\u00e9coltait et que l&rsquo;on faisait s\u00e9cher avant de le r\u00e9duire en poudre. Cette culture se faisait\u00a0dans le sud de la France, en Languedoc et en Provence, et fit entre autre la c\u00e9l\u00e9brit\u00e9 de la ville de Montpellier pour ses rouges \u00e9carlates, dans le courant du XIVe si\u00e8cle. Ces tons vifs ayant un co\u00fbt de production toutefois bien sup\u00e9rieur \u00e0 la garance, cette derni\u00e8re \u00e9tait d&rsquo;usage bien plus commun.<\/span><\/p>\n<figure id=\"attachment_9740\" aria-describedby=\"caption-attachment-9740\" style=\"width: 900px\" class=\"wp-caption alignnone\"><a href=\"https:\/\/www.moyenagepassion.com\/wp-content\/uploads\/2017\/01\/garance_teinture_medievale_histoire_couleurs_michel_pastoureau_moyen-age_rubia_tinctorum.jpg\"><img decoding=\"async\" class=\"wp-image-9740 size-full\" src=\"https:\/\/www.moyenagepassion.com\/wp-content\/uploads\/2017\/01\/garance_teinture_medievale_histoire_couleurs_michel_pastoureau_moyen-age_rubia_tinctorum.jpg\" alt=\"garance_teinture_medievale_histoire_couleurs_michel_pastoureau_moyen-age_rubia_tinctorum\" width=\"900\" height=\"293\" srcset=\"https:\/\/www.moyenagepassion.com\/wp-content\/uploads\/2017\/01\/garance_teinture_medievale_histoire_couleurs_michel_pastoureau_moyen-age_rubia_tinctorum.jpg 900w, https:\/\/www.moyenagepassion.com\/wp-content\/uploads\/2017\/01\/garance_teinture_medievale_histoire_couleurs_michel_pastoureau_moyen-age_rubia_tinctorum-300x98.jpg 300w\" sizes=\"(max-width: 900px) 100vw, 900px\" \/><\/a><figcaption id=\"caption-attachment-9740\" class=\"wp-caption-text\">Nuance de rouge obtenu avec l&rsquo;utilisation de garance<\/figcaption><\/figure>\n<p style=\"text-align: justify;\">Sur ce, je vous laisse, j&rsquo;ai eu ma dose de rouge pour aujourd&rsquo;hui et je vais me mettre un peu au vert.<\/p>\n<p style=\"text-align: justify;\">En vous souhaitant une bonne \u00e9coute et une tr\u00e8s belle journ\u00e9e.<br \/>\nFred<br \/>\nPour moyenagepassion.com<br \/>\n<em><strong>A la d\u00e9couverte du monde m\u00e9di\u00e9val sous toutes ses formes.<\/strong><\/em><\/p>\n","protected":false},"excerpt":{"rendered":"<p>Sujet : couleur, symbolique, moyen-\u00e2ge, cat\u00e9gorie cognitive et\u00a0sociale, anthropologie, histoire m\u00e9di\u00e9vale, histoire des couleurs. P\u00e9riode : de l\u2019antiquit\u00e9 \u00e0 nos jours M\u00e9dia : \u00e9mission radio,\u00a0livre, \u00ab\u00a0conf\u00e9rence\u00a0\u00bb Auteur : Michel Pastoureau Titre : \u00ab\u00a0Des go\u00fbts et des couleurs : le rouge\u00bb Radio : France Culture, Hors Champs, Laure Adler \u00ab\u00a0On ignore encore tout de l&rsquo;usage que &hellip; <a href=\"https:\/\/www.moyenagepassion.com\/index.php\/2017\/01\/11\/lhistoire-des-couleurs-par-michel-pastoureau-rouge-sang-rouge-feu-rouge-passion\/\" class=\"more-link\">Continuer la lecture de <span class=\"screen-reader-text\">L&rsquo;histoire des couleurs par Michel Pastoureau: rouge sang, rouge feu, rouge passion<\/span>  <span class=\"meta-nav\">&rarr;<\/span><\/a><\/p>\n","protected":false},"author":2,"featured_media":0,"comment_status":"open","ping_status":"open","sticky":false,"template":"","format":"standard","meta":{"_monsterinsights_skip_tracking":false,"_monsterinsights_sitenote_active":false,"_monsterinsights_sitenote_note":"","_monsterinsights_sitenote_category":0,"footnotes":""},"categories":[1275],"tags":[1945,188,2088,958,959,2157,189,2090,520,525,1248,22,1943,182,18,2156,2158,2091,2092],"class_list":["post-9721","post","type-post","status-publish","format-standard","hentry","category-conference","tag-anthropologie","tag-auteur","tag-couleurs","tag-emission-radio","tag-france-culture","tag-garance","tag-histoire","tag-histoire-des-couleurs","tag-histoire-medievale","tag-historien","tag-historien-medieviste","tag-medievale","tag-michel-pastoureau","tag-monde-medieval","tag-moyen-age","tag-rouge","tag-rubia-tinctorum","tag-symbole","tag-symbolique"],"aioseo_notices":[],"_links":{"self":[{"href":"https:\/\/www.moyenagepassion.com\/index.php\/wp-json\/wp\/v2\/posts\/9721"}],"collection":[{"href":"https:\/\/www.moyenagepassion.com\/index.php\/wp-json\/wp\/v2\/posts"}],"about":[{"href":"https:\/\/www.moyenagepassion.com\/index.php\/wp-json\/wp\/v2\/types\/post"}],"author":[{"embeddable":true,"href":"https:\/\/www.moyenagepassion.com\/index.php\/wp-json\/wp\/v2\/users\/2"}],"replies":[{"embeddable":true,"href":"https:\/\/www.moyenagepassion.com\/index.php\/wp-json\/wp\/v2\/comments?post=9721"}],"version-history":[{"count":1,"href":"https:\/\/www.moyenagepassion.com\/index.php\/wp-json\/wp\/v2\/posts\/9721\/revisions"}],"predecessor-version":[{"id":34490,"href":"https:\/\/www.moyenagepassion.com\/index.php\/wp-json\/wp\/v2\/posts\/9721\/revisions\/34490"}],"wp:attachment":[{"href":"https:\/\/www.moyenagepassion.com\/index.php\/wp-json\/wp\/v2\/media?parent=9721"}],"wp:term":[{"taxonomy":"category","embeddable":true,"href":"https:\/\/www.moyenagepassion.com\/index.php\/wp-json\/wp\/v2\/categories?post=9721"},{"taxonomy":"post_tag","embeddable":true,"href":"https:\/\/www.moyenagepassion.com\/index.php\/wp-json\/wp\/v2\/tags?post=9721"}],"curies":[{"name":"wp","href":"https:\/\/api.w.org\/{rel}","templated":true}]}}