{"id":6196,"count":1,"description":"","link":"https:\/\/www.moyenagepassion.com\/index.php\/tag\/moyen-age-represente-2\/","name":"Moyen \u00c2ge repr\u00e9sent\u00e9","slug":"moyen-age-represente-2","taxonomy":"post_tag","meta":[],"_links":{"self":[{"href":"https:\/\/www.moyenagepassion.com\/index.php\/wp-json\/wp\/v2\/tags\/6196"}],"collection":[{"href":"https:\/\/www.moyenagepassion.com\/index.php\/wp-json\/wp\/v2\/tags"}],"about":[{"href":"https:\/\/www.moyenagepassion.com\/index.php\/wp-json\/wp\/v2\/taxonomies\/post_tag"}],"wp:post_type":[{"href":"https:\/\/www.moyenagepassion.com\/index.php\/wp-json\/wp\/v2\/posts?tags=6196"}],"curies":[{"name":"wp","href":"https:\/\/api.w.org\/{rel}","templated":true}]}}